{"id":120386,"date":"2025-10-21T13:57:07","date_gmt":"2025-10-21T13:57:07","guid":{"rendered":"https:\/\/www.europesays.com\/pt\/120386\/"},"modified":"2025-10-21T13:57:07","modified_gmt":"2025-10-21T13:57:07","slug":"russia-nao-quer-por-fim-a-guerra-significara-esquecer-as-causas-diz-lavrov","status":"publish","type":"post","link":"https:\/\/www.europesays.com\/pt\/120386\/","title":{"rendered":"R\u00fassia n\u00e3o quer p\u00f4r fim \u00e0 guerra. &#8220;Significar\u00e1 esquecer as causas&#8221;, diz Lavrov"},"content":{"rendered":"<p>A R\u00fassia disse, esta ter\u00e7a-feira, que acabar com a guerra seria \u201cuma contradi\u00e7\u00e3o\u201d relativamente ao que foi acordado na cimeira de agosto no Alasca entre Vladimir Putin e Donald Trump.\u00a0<\/p>\n<p>\u201cSe simplesmente pararmos, isso significar\u00e1 esquecer as causas originais do conflito\u201d, disse Serguei Lavrov, numa confer\u00eancia de imprensa, realizada antes da cimeira de Budapeste, entre o Presidente russo, Vladimir Putin, e o Presidente norte-americano, Donald Trump, que poder\u00e1 acontecer na pr\u00f3xima semana.\u00a0<\/p>\n<p>\u00a0\u201cAgora ouvimos de Washington que devemos parar imediatamente [a guerra] e que n\u00e3o devemos discutir mais nada. Parem e deixem a Hist\u00f3ria julgar\u201d, disse o governante. \u00a0<\/p>\n<p>O ministro dos Neg\u00f3cios Estrangeiros acusou ainda os europeus de tentarem convencer os EUA a mudar de posi\u00e7\u00e3o e a n\u00e3o procurar um \u201cacordo duradouro\u201d.\u00a0<\/p>\n<p>\u201cSabemos quem est\u00e1 a fazer isto. S\u00e3o os europeus, os patrocinadores e os mestres de Zelensky\u201d, apontou.\u00a0<\/p>\n","protected":false},"excerpt":{"rendered":"A R\u00fassia disse, esta ter\u00e7a-feira, que acabar com a guerra seria \u201cuma contradi\u00e7\u00e3o\u201d relativamente ao que foi acordado&hellip;\n","protected":false},"author":2,"featured_media":120387,"comment_status":"","ping_status":"","sticky":false,"template":"","format":"standard","meta":{"footnotes":""},"categories":[50],"tags":[27,28,15,16,830,14,25,26,21,22,62,12,13,19,20,23,24,839,17,18,840,29,30,31,63,64,65],"class_list":{"0":"post-120386","1":"post","2":"type-post","3":"status-publish","4":"format-standard","5":"has-post-thumbnail","7":"category-mundo","8":"tag-breaking-news","9":"tag-breakingnews","10":"tag-featured-news","11":"tag-featurednews","12":"tag-guerra","13":"tag-headlines","14":"tag-latest-news","15":"tag-latestnews","16":"tag-main-news","17":"tag-mainnews","18":"tag-mundo","19":"tag-news","20":"tag-noticias","21":"tag-noticias-principais","22":"tag-noticiasprincipais","23":"tag-principais-noticias","24":"tag-principaisnoticias","25":"tag-russia","26":"tag-top-stories","27":"tag-topstories","28":"tag-ucrania","29":"tag-ultimas","30":"tag-ultimas-noticias","31":"tag-ultimasnoticias","32":"tag-world","33":"tag-world-news","34":"tag-worldnews"},"share_on_mastodon":{"url":"","error":""},"_links":{"self":[{"href":"https:\/\/www.europesays.com\/pt\/wp-json\/wp\/v2\/posts\/120386","targetHints":{"allow":["GET"]}}],"collection":[{"href":"https:\/\/www.europesays.com\/pt\/wp-json\/wp\/v2\/posts"}],"about":[{"href":"https:\/\/www.europesays.com\/pt\/wp-json\/wp\/v2\/types\/post"}],"author":[{"embeddable":true,"href":"https:\/\/www.europesays.com\/pt\/wp-json\/wp\/v2\/users\/2"}],"replies":[{"embeddable":true,"href":"https:\/\/www.europesays.com\/pt\/wp-json\/wp\/v2\/comments?post=120386"}],"version-history":[{"count":0,"href":"https:\/\/www.europesays.com\/pt\/wp-json\/wp\/v2\/posts\/120386\/revisions"}],"wp:featuredmedia":[{"embeddable":true,"href":"https:\/\/www.europesays.com\/pt\/wp-json\/wp\/v2\/media\/120387"}],"wp:attachment":[{"href":"https:\/\/www.europesays.com\/pt\/wp-json\/wp\/v2\/media?parent=120386"}],"wp:term":[{"taxonomy":"category","embeddable":true,"href":"https:\/\/www.europesays.com\/pt\/wp-json\/wp\/v2\/categories?post=120386"},{"taxonomy":"post_tag","embeddable":true,"href":"https:\/\/www.europesays.com\/pt\/wp-json\/wp\/v2\/tags?post=120386"}],"curies":[{"name":"wp","href":"https:\/\/api.w.org\/{rel}","templated":true}]}}