{"id":120392,"date":"2025-10-21T14:02:09","date_gmt":"2025-10-21T14:02:09","guid":{"rendered":"https:\/\/www.europesays.com\/pt\/120392\/"},"modified":"2025-10-21T14:02:09","modified_gmt":"2025-10-21T14:02:09","slug":"chicao-bandeira-lanca-livro-sobre-a-sua-historia-no-basquete-em-caserta-na-italia","status":"publish","type":"post","link":"https:\/\/www.europesays.com\/pt\/120392\/","title":{"rendered":"Chic\u00e3o Bandeira lan\u00e7a livro sobre a sua hist\u00f3ria no basquete em Caserta, na It\u00e1lia"},"content":{"rendered":"<p>\n\t\t\t\t\tChic\u00e3o Bandeira lan\u00e7a livro sobre a sua hist\u00f3ria no basquete em Caserta, na It\u00e1lia<br \/>\n\t\t\t\t\t21\/10\/2025<\/p>\n<p class=\"mb-4\">\n                    <a target=\"_blank\" rel=\"nofollow noopener\" href=\"https:\/\/www.facebook.com\/share.php?u=https:\/\/www.cbb.com.br\/noticia\/5033\/chicao-bandeira-lanca-livro-sobre-a-sua-historia-no-basquete-em-caserta-na-italia\"><img decoding=\"async\" src=\"https:\/\/www.europesays.com\/pt\/wp-content\/uploads\/2025\/10\/ico-facebook.png\" alt=\"icone facebook\" title=\"Compartilhar no facebook\"\/><\/a><\/p>\n<p>                    <a target=\"_blank\" rel=\"nofollow noopener\" href=\"https:\/\/twitter.com\/intent\/tweet?url=https:\/\/www.cbb.com.br\/noticia\/5033\/chicao-bandeira-lanca-livro-sobre-a-sua-historia-no-basquete-em-caserta-na-italia&amp;text=Chic\u00e3o Bandeira lan\u00e7a livro sobre a sua hist\u00f3ria no basquete em Caserta, na It\u00e1lia\"><img decoding=\"async\" src=\"https:\/\/www.europesays.com\/pt\/wp-content\/uploads\/2025\/10\/ico-twitter.png\" alt=\"icone twitter\" title=\"Compartilhar no twitter\"\/><\/a><\/p>\n<p>                    <a target=\"_blank\" rel=\"nofollow noopener\" href=\"https:\/\/api.whatsapp.com\/send?text=Chic\u00e3o Bandeira lan\u00e7a livro sobre a sua hist\u00f3ria no basquete em Caserta, na It\u00e1lia: https:\/\/www.cbb.com.br\/noticia\/5033\/chicao-bandeira-lanca-livro-sobre-a-sua-historia-no-basquete-em-caserta-na-italia\"><img decoding=\"async\" src=\"https:\/\/www.europesays.com\/pt\/wp-content\/uploads\/2025\/10\/ico-whatsapp.png\" alt=\"icone whatsapp\" title=\"Compartilhar no whatsapp\"\/><\/a><\/p>\n<p>                    <a target=\"_blank\" rel=\"nofollow noopener\" href=\"https:\/\/telegram.me\/share\/url?url=https:\/\/www.cbb.com.br\/noticia\/5033\/chicao-bandeira-lanca-livro-sobre-a-sua-historia-no-basquete-em-caserta-na-italia\"><img decoding=\"async\" src=\"https:\/\/www.europesays.com\/pt\/wp-content\/uploads\/2025\/10\/ico-telegram.jpg\" alt=\"icone telegram\" title=\"Compartilhar no telegram\"\/><\/a><\/p>\n<p>                    <a target=\"_blank\" rel=\"nofollow noopener\" href=\"https:\/\/www.linkedin.com\/shareArticle?mini=true&amp;url=https:\/\/www.cbb.com.br\/noticia\/5033\/chicao-bandeira-lanca-livro-sobre-a-sua-historia-no-basquete-em-caserta-na-italia&amp;title=Chic\u00e3o Bandeira lan\u00e7a livro sobre a sua hist\u00f3ria no basquete em Caserta, na It\u00e1lia\"><img decoding=\"async\" src=\"https:\/\/www.europesays.com\/pt\/wp-content\/uploads\/2025\/10\/ico-linkedin.jpg\" alt=\"icone linkedin\" title=\"Compartilhar no linkedin\"\/><\/a><\/p>\n<p>                    <a href=\"mailto:?subject=Chic\u00e3o Bandeira lan\u00e7a livro sobre a sua hist\u00f3ria no basquete em Caserta, na It\u00e1lia&amp;body=https:\/\/www.cbb.com.br\/noticia\/5033\/chicao-bandeira-lanca-livro-sobre-a-sua-historia-no-basquete-em-caserta-na-italia\" rel=\"nofollow\" target=\"_blank\"><br \/>\n                    \t<img decoding=\"async\" src=\"https:\/\/www.europesays.com\/pt\/wp-content\/uploads\/2025\/10\/ico-email.jpg\" alt=\"icone email\" title=\"Compartilhar por email\"\/><br \/>\n                    <\/a>\n                <\/p>\n<p class=\"text-center pt-3\">\n  \t\t          <img decoding=\"async\" src=\"https:\/\/www.europesays.com\/pt\/wp-content\/uploads\/2025\/10\/IMG_0115_1761054998.jpeg\" class=\"img-fluid\"\/>\n  \t\t        <\/p>\n<p>&#13;<\/p>\n<p class=\"\\&quot;p1\\&quot;\">Ex-jogador da Sele\u00e7\u00e3o Brasileira de basquete e com um largo hist\u00f3rico na It\u00e1lia, Chic\u00e3o Bandeira retorna \u00e0 Europa para um lan\u00e7amento especial. O livro \u201cLa Straordinaria Storia de Francisco Bandeira\u201d ser\u00e1 lan\u00e7ado no pr\u00f3ximo di 24 de outubro, em Caserta, cidade onde jogou ao lado de Oscar Schmidt. <\/p>\n<p>&#13;<\/p>\n<p class=\"\\&quot;p2\\&quot;\">A festa acontece no Audit\u00f3rio de Caserta, na Via Ceccano, \u00e0s 19h30 (14h30 hor\u00e1rio de Bras\u00edlia). O livro, escrito por Loredana Monticelli \u00e9 publicado pela Editora Vulcaniche, relata sua inf\u00e2ncia, a luta e dificuldade para se tornar um atleta profissional e tamb\u00e9m a batalha contra o Racismo.<\/p>\n<p>&#13;<\/p>\n<p class=\"\\&quot;p2\\&quot;\">&#8211; \u00c9 uma hist\u00f3ria cheia de emo\u00e7\u00e3o, fortes sentimentos, de um atleta e pessoa espl\u00eandida &#8211; diz a autora.<\/p>\n<p><b>Fonte: <\/b> <a>CBB<\/a><\/p>\n<p>\n\t\t          <a href=\"https:\/\/www.cbb.com.br\/javascript:history.go(-1);\" class=\"btn btn-volta mt-3\" rel=\"nofollow noopener\" target=\"_blank\"> \u00ab Voltar<\/a>\n\t\t        <\/p>\n<p>\t\t\t<script async src=\"https:\/\/platform.twitter.com\/widgets.js\" charset=\"utf-8\"><\/script><\/p>\n","protected":false},"excerpt":{"rendered":"Chic\u00e3o Bandeira lan\u00e7a livro sobre a sua hist\u00f3ria no basquete em Caserta, na It\u00e1lia 21\/10\/2025 &#13; Ex-jogador da&hellip;\n","protected":false},"author":2,"featured_media":120393,"comment_status":"","ping_status":"","sticky":false,"template":"","format":"standard","meta":{"footnotes":""},"categories":[143],"tags":[169,114,115,170,32,33],"class_list":{"0":"post-120392","1":"post","2":"type-post","3":"status-publish","4":"format-standard","5":"has-post-thumbnail","7":"category-livros","8":"tag-books","9":"tag-entertainment","10":"tag-entretenimento","11":"tag-livros","12":"tag-portugal","13":"tag-pt"},"share_on_mastodon":{"url":"https:\/\/pubeurope.com\/@pt\/115412529722031243","error":""},"_links":{"self":[{"href":"https:\/\/www.europesays.com\/pt\/wp-json\/wp\/v2\/posts\/120392","targetHints":{"allow":["GET"]}}],"collection":[{"href":"https:\/\/www.europesays.com\/pt\/wp-json\/wp\/v2\/posts"}],"about":[{"href":"https:\/\/www.europesays.com\/pt\/wp-json\/wp\/v2\/types\/post"}],"author":[{"embeddable":true,"href":"https:\/\/www.europesays.com\/pt\/wp-json\/wp\/v2\/users\/2"}],"replies":[{"embeddable":true,"href":"https:\/\/www.europesays.com\/pt\/wp-json\/wp\/v2\/comments?post=120392"}],"version-history":[{"count":0,"href":"https:\/\/www.europesays.com\/pt\/wp-json\/wp\/v2\/posts\/120392\/revisions"}],"wp:featuredmedia":[{"embeddable":true,"href":"https:\/\/www.europesays.com\/pt\/wp-json\/wp\/v2\/media\/120393"}],"wp:attachment":[{"href":"https:\/\/www.europesays.com\/pt\/wp-json\/wp\/v2\/media?parent=120392"}],"wp:term":[{"taxonomy":"category","embeddable":true,"href":"https:\/\/www.europesays.com\/pt\/wp-json\/wp\/v2\/categories?post=120392"},{"taxonomy":"post_tag","embeddable":true,"href":"https:\/\/www.europesays.com\/pt\/wp-json\/wp\/v2\/tags?post=120392"}],"curies":[{"name":"wp","href":"https:\/\/api.w.org\/{rel}","templated":true}]}}