{"id":120394,"date":"2025-10-21T14:03:09","date_gmt":"2025-10-21T14:03:09","guid":{"rendered":"https:\/\/www.europesays.com\/pt\/120394\/"},"modified":"2025-10-21T14:03:09","modified_gmt":"2025-10-21T14:03:09","slug":"exclusivo-terra-forte-no-velorio-de-flor-maria-de-fatima-insinua-que-ela-se-suicidou-novelas","status":"publish","type":"post","link":"https:\/\/www.europesays.com\/pt\/120394\/","title":{"rendered":"Exclusivo \u00abTerra Forte\u00bb: No vel\u00f3rio de Flor, Maria de F\u00e1tima insinua que ela se suicidou &#8211; Novelas"},"content":{"rendered":"<p>Em \u00abTerra Forte\u00bb, FLASHBACK IN\u00c9DITO 2006:\u00a0Sammy (Jos\u00e9 Fidalgo) vem ter com Rosa Maria (Cust\u00f3dia Gallego), dizendo de antem\u00e3o que continua a amar Flor (Benedita Pereira) mesmo tendo ela acabado tudo consigo. Estaca em choque por Rosa Maria lhe dizer que Flor desapareceu no cruzeiro, estando provavelmente morta. Sammy desaba a chorar incr\u00e9dulo.<\/p>\n<p>Sammy olha irritado para Maria de F\u00e1tima (Rita Pereira) a dizer querer estar no seu melhor para o jantar com Flor, dizendo-lhe que n\u00e3o devia pensar em competi\u00e7\u00e3o com a irm\u00e3. Sammy pica Maria de F\u00e1tima a dizer que Flor continua bonita como sempre foi deixando-a furiosa. Sammy sai do quarto sem paci\u00eancia para Maria de F\u00e1tima, que fica indignada.<\/p>\n<p>FLASHBACK IN\u00c9DITO &#8211; VEL\u00d3RIO DE FLOR 2006:\u00a0O vel\u00f3rio pela morte de Flor est\u00e1 a decorrer em casa dos Terra Forte. Sammy chega a pedir angustiado a Maria de F\u00e1tima que lhe explique o que aconteceu no cruzeiro a Flor. Maria de F\u00e1tima diz achar que Flor se suicidou pela dor que sentia de ter sido enganada por todos, pensando que ele tamb\u00e9m estava com ela por interesse. Sammy enfrenta Manuel (Ant\u00f3nio Capelo) a dizer que foi por culpa dele que Flor morreu, n\u00e3o indo descansar at\u00e9 que seja feita justi\u00e7a por tudo o que ele fez de roubar a sua fam\u00edlia e matar o seu irm\u00e3o. Rosa Maria fica intrigada com aquelas acusa\u00e7\u00f5es de Sammy.<\/p>\n","protected":false},"excerpt":{"rendered":"Em \u00abTerra Forte\u00bb, FLASHBACK IN\u00c9DITO 2006:\u00a0Sammy (Jos\u00e9 Fidalgo) vem ter com Rosa Maria (Cust\u00f3dia Gallego), dizendo de antem\u00e3o&hellip;\n","protected":false},"author":2,"featured_media":120395,"comment_status":"","ping_status":"","sticky":false,"template":"","format":"standard","meta":{"footnotes":""},"categories":[142],"tags":[160,27279,166,114,115,27955,157,167,978,164,24821,8598,27956,161,158,165,159,32,33,156,5871,26751,18614,163,151,162],"class_list":{"0":"post-120394","1":"post","2":"type-post","3":"status-publish","4":"format-standard","5":"has-post-thumbnail","7":"category-tv","8":"tag-ana-guiomar","9":"tag-antonio-capelo","10":"tag-cristina-ferreira","11":"tag-entertainment","12":"tag-entretenimento","13":"tag-exclusivo-terra-forte-no-velorio-de-flor","14":"tag-festa-e-festa","15":"tag-ficcao","16":"tag-flor","17":"tag-jose-fidalgo","18":"tag-manuel","19":"tag-maria-de-fatima","20":"tag-maria-de-fatima-insinua-que-ela-se-suicidou","21":"tag-novelas","22":"tag-para-sempre","23":"tag-pedro-sousa","24":"tag-pedro-teixeira","25":"tag-portugal","26":"tag-pt","27":"tag-queridos-papas","28":"tag-rita-pereira","29":"tag-sammy","30":"tag-terra-forte","31":"tag-tiago-teotonio-pereira","32":"tag-tv","33":"tag-tvi"},"share_on_mastodon":{"url":"https:\/\/pubeurope.com\/@pt\/115412533407155015","error":""},"_links":{"self":[{"href":"https:\/\/www.europesays.com\/pt\/wp-json\/wp\/v2\/posts\/120394","targetHints":{"allow":["GET"]}}],"collection":[{"href":"https:\/\/www.europesays.com\/pt\/wp-json\/wp\/v2\/posts"}],"about":[{"href":"https:\/\/www.europesays.com\/pt\/wp-json\/wp\/v2\/types\/post"}],"author":[{"embeddable":true,"href":"https:\/\/www.europesays.com\/pt\/wp-json\/wp\/v2\/users\/2"}],"replies":[{"embeddable":true,"href":"https:\/\/www.europesays.com\/pt\/wp-json\/wp\/v2\/comments?post=120394"}],"version-history":[{"count":0,"href":"https:\/\/www.europesays.com\/pt\/wp-json\/wp\/v2\/posts\/120394\/revisions"}],"wp:featuredmedia":[{"embeddable":true,"href":"https:\/\/www.europesays.com\/pt\/wp-json\/wp\/v2\/media\/120395"}],"wp:attachment":[{"href":"https:\/\/www.europesays.com\/pt\/wp-json\/wp\/v2\/media?parent=120394"}],"wp:term":[{"taxonomy":"category","embeddable":true,"href":"https:\/\/www.europesays.com\/pt\/wp-json\/wp\/v2\/categories?post=120394"},{"taxonomy":"post_tag","embeddable":true,"href":"https:\/\/www.europesays.com\/pt\/wp-json\/wp\/v2\/tags?post=120394"}],"curies":[{"name":"wp","href":"https:\/\/api.w.org\/{rel}","templated":true}]}}