{"id":120408,"date":"2025-10-21T14:13:12","date_gmt":"2025-10-21T14:13:12","guid":{"rendered":"https:\/\/www.europesays.com\/pt\/120408\/"},"modified":"2025-10-21T14:13:12","modified_gmt":"2025-10-21T14:13:12","slug":"costa-da-caparica-gnr-dispara-para-travar-carrinha-em-fuga-observador","status":"publish","type":"post","link":"https:\/\/www.europesays.com\/pt\/120408\/","title":{"rendered":"Costa da Caparica. GNR dispara para travar carrinha em fuga \u2013 Observador"},"content":{"rendered":"<p>Um grupo suspeito de assaltos a casas que estava a ser seguido pela PSP n\u00e3o respeitou uma ordem de paragem na rotunda \u00e0 entrada da Costa da Caparica, em Almada, obrigando a que fossem efetuados v\u00e1rios disparos. A carrinha, de matr\u00edcula espanhola, acabou por ser imobilizada, tendo o condutor sido baleado. Seis pessoas foram detidas e levadas para o Comando Metropolitando de Lisboa da PSP, o ferido foi levado ao hospital para receber tratamento.<\/p>\n<p>O Observador apurou que esta a\u00e7\u00e3o decorreu no \u00e2mbito de uma investiga\u00e7\u00e3o da PSP por crimes contra o patrim\u00f3nio na regi\u00e3o da Grande Lisboa, incluindo na serra de Casal de Cambra. Os agentes estavam a seguir o grupo de sete suspeitos que se deslocava na carrinha, tendo sido pedido apoio \u00e0 GNR, por ser uma \u00e1rea de responsabilidade desta for\u00e7a de seguran\u00e7a.<\/p>\n<p>A certa altura, junto \u00e0 rotunda, os suspeitos n\u00e3o obedeceram \u00e0s ordens dadas, pondo em risco a integridade f\u00edsica de um dos militares, tendo sido efetuados disparos de seguran\u00e7a, refere a GNR ao Observador.<\/p>\n<p>Foi um desses tiros que acabou por atingir o condutor na perna, ficando com ferimentos ligeiros, e foi encaminhado para o Hospital Garcia de Orta.<\/p>\n<p>No local, al\u00e9m da GNR e de meios do quartel da Costa da Caparica dos Bombeiros Volunt\u00e1rio de Cacilhas, est\u00e1 tamb\u00e9m a Pol\u00edcia Judici\u00e1ria. A PSP dever\u00e1 prestar ainda esta ter\u00e7a-feira mais esclarecimentos sobre a investiga\u00e7\u00e3o.<\/p>\n<p><strong>[A 14 de janeiro de 1986 um acontecimento muda o rumo da campanha das presidenciais: a inesperada agress\u00e3o a Soares na Marinha Grande. Nas urnas, o socialista e Zenha lutam por um lugar na segunda volta frente a Freitas.\u00a0<\/strong><strong>A\u00a0<a href=\"https:\/\/observador.pt\/programas\/a-eleio-mais-louca-de-sempre\/episodio-4-portugal-nao-e-moscovo\/\" rel=\"nofollow noopener\" target=\"_blank\">\u201cElei\u00e7\u00e3o Mais Louca de Sempre\u201d<\/a>\u00a0\u00e9 o novo Podcast Plus do Observador sobre as Presidenciais de 1986. Uma s\u00e9rie narrada pelo ator Gon\u00e7alo Waddington, com banda sonora original de Samuel \u00daria. Pode ouvir\u00a0<a href=\"https:\/\/observador.pt\/programas\/a-eleio-mais-louca-de-sempre\/episodio-4-portugal-nao-e-moscovo\/\" rel=\"nofollow noopener\" target=\"_blank\">aqui<\/a>, no\u00a0Observador, e tamb\u00e9m na\u00a0<a href=\"https:\/\/podcasts.apple.com\/pt\/podcast\/epis%C3%B3dio-4-portugal-n%C3%A3o-%C3%A9-moscovo\/id1841273464?i=1000732704045\" rel=\"nofollow noopener\" target=\"_blank\">Apple Podcasts<\/a>, no\u00a0<a href=\"https:\/\/open.spotify.com\/episode\/2SQPr5qiggrruRId3AGmaa?si=4da7e55fbfa04153\" rel=\"nofollow noopener\" target=\"_blank\">Spotify<\/a>\u00a0e no\u00a0<a href=\"https:\/\/music.youtube.com\/watch?v=lwRI8iL_ZKI&amp;si=LeJjFBTc0_lsQ8FS\" rel=\"nofollow noopener\" target=\"_blank\">Youtube Music<\/a>. E pode ouvir o primeiro epis\u00f3dio\u00a0<a href=\"https:\/\/observador.pt\/programas\/a-eleio-mais-louca-de-sempre\/estreia-a-eleicao-mais-louca-de-sempre-episodio-1-apostamos-no-cavalo-errado\/\" rel=\"nofollow noopener\" target=\"_blank\">aqui<\/a>, o segundo\u00a0<a href=\"https:\/\/observador.pt\/programas\/a-eleio-mais-louca-de-sempre\/episodio-2-uma-traicao-inesperada\/\" rel=\"nofollow noopener\" target=\"_blank\">aqui<\/a>\u00a0e o terceiro\u00a0<a href=\"https:\/\/observador.pt\/programas\/a-eleio-mais-louca-de-sempre\/episodio-3-ele-nao-e-meu-irmao\/\" rel=\"nofollow noopener\" target=\"_blank\">aqui<\/a>.]<\/strong><\/p>\n<p><a href=\"https:\/\/observador.pt\/programas\/a-eleio-mais-louca-de-sempre\/episodio-4-portugal-nao-e-moscovo\/\" rel=\"nofollow noopener\" target=\"_blank\"><\/p>\n<p>        <img src=\"https:\/\/www.europesays.com\/pt\/wp-content\/uploads\/2025\/10\/770-a-eleicao-mais-louca-de-sempre-playicon.png\" alt=\"\" loading=\"lazy\" decoding=\"async\" class=\"alignnone\" onload=\"this.parentElement.classList.remove('spinner')\" onerror=\"this.parentElement.classList.remove('spinner')\" width=\"770\" height=\"433\"\/>    <\/p>\n<p><\/a><\/p>\n","protected":false},"excerpt":{"rendered":"Um grupo suspeito de assaltos a casas que estava a ser seguido pela PSP n\u00e3o respeitou uma ordem&hellip;\n","protected":false},"author":2,"featured_media":120409,"comment_status":"","ping_status":"","sticky":false,"template":"","format":"standard","meta":{"footnotes":""},"categories":[8],"tags":[27,28,4106,15,16,2002,14,25,26,21,22,12,13,19,20,57,2003,32,23,24,33,2004,58,17,18,29,30,31],"class_list":{"0":"post-120408","1":"post","2":"type-post","3":"status-publish","4":"format-standard","5":"has-post-thumbnail","7":"category-principais-noticias","8":"tag-breaking-news","9":"tag-breakingnews","10":"tag-costa-da-caparica","11":"tag-featured-news","12":"tag-featurednews","13":"tag-gnr","14":"tag-headlines","15":"tag-latest-news","16":"tag-latestnews","17":"tag-main-news","18":"tag-mainnews","19":"tag-news","20":"tag-noticias","21":"tag-noticias-principais","22":"tag-noticiasprincipais","23":"tag-pau00eds","24":"tag-polu00edcia","25":"tag-portugal","26":"tag-principais-noticias","27":"tag-principaisnoticias","28":"tag-pt","29":"tag-seguranu00e7a","30":"tag-sociedade","31":"tag-top-stories","32":"tag-topstories","33":"tag-ultimas","34":"tag-ultimas-noticias","35":"tag-ultimasnoticias"},"share_on_mastodon":{"url":"https:\/\/pubeurope.com\/@pt\/115412573087377243","error":""},"_links":{"self":[{"href":"https:\/\/www.europesays.com\/pt\/wp-json\/wp\/v2\/posts\/120408","targetHints":{"allow":["GET"]}}],"collection":[{"href":"https:\/\/www.europesays.com\/pt\/wp-json\/wp\/v2\/posts"}],"about":[{"href":"https:\/\/www.europesays.com\/pt\/wp-json\/wp\/v2\/types\/post"}],"author":[{"embeddable":true,"href":"https:\/\/www.europesays.com\/pt\/wp-json\/wp\/v2\/users\/2"}],"replies":[{"embeddable":true,"href":"https:\/\/www.europesays.com\/pt\/wp-json\/wp\/v2\/comments?post=120408"}],"version-history":[{"count":0,"href":"https:\/\/www.europesays.com\/pt\/wp-json\/wp\/v2\/posts\/120408\/revisions"}],"wp:featuredmedia":[{"embeddable":true,"href":"https:\/\/www.europesays.com\/pt\/wp-json\/wp\/v2\/media\/120409"}],"wp:attachment":[{"href":"https:\/\/www.europesays.com\/pt\/wp-json\/wp\/v2\/media?parent=120408"}],"wp:term":[{"taxonomy":"category","embeddable":true,"href":"https:\/\/www.europesays.com\/pt\/wp-json\/wp\/v2\/categories?post=120408"},{"taxonomy":"post_tag","embeddable":true,"href":"https:\/\/www.europesays.com\/pt\/wp-json\/wp\/v2\/tags?post=120408"}],"curies":[{"name":"wp","href":"https:\/\/api.w.org\/{rel}","templated":true}]}}