{"id":120410,"date":"2025-10-21T14:14:11","date_gmt":"2025-10-21T14:14:11","guid":{"rendered":"https:\/\/www.europesays.com\/pt\/120410\/"},"modified":"2025-10-21T14:14:11","modified_gmt":"2025-10-21T14:14:11","slug":"secret-story-vera-revela-o-respetivo-segredo","status":"publish","type":"post","link":"https:\/\/www.europesays.com\/pt\/120410\/","title":{"rendered":"&#8220;Secret Story&#8221;: Vera revela o respetivo segredo!"},"content":{"rendered":"<p>A Voz decidiu expulsar\u00a0<a href=\"https:\/\/selfie.iol.pt\/famosos\/bruno-savate\/secret-story-bruno-savate-reage-a-toda-a-polemica-que-envolve-vera-deveriam-ser-nomeados\/20251021\/68f7562ed34e58bc679720f7\" target=\"_blank\" wbo-id=\"47\" rel=\"nofollow noopener\">Vera Cl\u00e1udia<\/a>, na passada segunda-feira, dia 20, da nona edi\u00e7\u00e3o de &#8220;<a href=\"https:\/\/tvi.iol.pt\/secretstory\/\" target=\"_blank\" wbo-id=\"48\" rel=\"nofollow noopener\">Secret Story &#8211; Casa dos Segredos<\/a>&#8220;, quase 24 horas depois de a agora ex-concorrente do\u00a0reality show\u00a0da\u00a0<a href=\"https:\/\/tvi.iol.pt\/\" target=\"_blank\" wbo-id=\"49\" rel=\"nofollow noopener\">TVI<\/a>\u00a0ter agredido Dylan Fonte com v\u00e1rios estalos na cara.<\/p>\n<p>Entretanto, Vera Cl\u00e1udia concedeu uma entrevista ao programa &#8220;<a href=\"https:\/\/tvi.iol.pt\/doisas10\/\" target=\"_blank\" wbo-id=\"50\" rel=\"nofollow noopener\">Dois \u00e0s 10<\/a>&#8220;, na qual revelou o respetivo segredo: &#8220;Fui criada por um cantor famoso.&#8221; Ou seja, Vera Cl\u00e1udia tem uma liga\u00e7\u00e3o bastante marcante com Jos\u00e9 Malhoa.<\/p>\n<p>&#8220;Durante um per\u00edodo da minha vida, a fam\u00edlia dele foi muito importante. Vivi momentos muito especiais com eles. Foi com eles que fiz a minha primeira viagem de avi\u00e3o. Os meus pais n\u00e3o tinham tempo de qualidade comigo, porque trabalhavam imenso&#8221;, come\u00e7ou por recordar, acrescentando: &#8220;\u00c9ramos vizinhos. Primeiro, a minha m\u00e3e tomava conta da filha mais nova deles, cri\u00e1mos liga\u00e7\u00e3o e, depois, as coisas inverteram-se.&#8221;<\/p>\n<p>&#8220;N\u00e3o vivi na casa deles, mas \u00e9 como fam\u00edlia. Foi com eles que vi a primeira \u00e1rvore de Natal. Marcou-me muito. S\u00e3o mem\u00f3rias de inf\u00e2ncia e que s\u00e3o muito importantes. Sem terem no\u00e7\u00e3o, mudaram-me a vida&#8221;, completou.<\/p>\n<p>Veja, agora, algumas das melhores imagens de Vera Cl\u00e1udia na galeria de fotografias que prepar\u00e1mos para si.<\/p>\n","protected":false},"excerpt":{"rendered":"A Voz decidiu expulsar\u00a0Vera Cl\u00e1udia, na passada segunda-feira, dia 20, da nona edi\u00e7\u00e3o de &#8220;Secret Story &#8211; Casa&hellip;\n","protected":false},"author":2,"featured_media":120411,"comment_status":"","ping_status":"","sticky":false,"template":"","format":"standard","meta":{"footnotes":""},"categories":[145],"tags":[2632,211,210,114,115,980,619,32,33,1014,1315,1012,162,24887],"class_list":{"0":"post-120410","1":"post","2":"type-post","3":"status-publish","4":"format-standard","5":"has-post-thumbnail","7":"category-celebridades","8":"tag-casa-dos-segredos","9":"tag-celebridades","10":"tag-celebrities","11":"tag-entertainment","12":"tag-entretenimento","13":"tag-famosos","14":"tag-nacional","15":"tag-portugal","16":"tag-pt","17":"tag-reality-show","18":"tag-secret-story","19":"tag-selfie","20":"tag-tvi","21":"tag-vera-claudia"},"share_on_mastodon":{"url":"https:\/\/pubeurope.com\/@pt\/115412576720946342","error":""},"_links":{"self":[{"href":"https:\/\/www.europesays.com\/pt\/wp-json\/wp\/v2\/posts\/120410","targetHints":{"allow":["GET"]}}],"collection":[{"href":"https:\/\/www.europesays.com\/pt\/wp-json\/wp\/v2\/posts"}],"about":[{"href":"https:\/\/www.europesays.com\/pt\/wp-json\/wp\/v2\/types\/post"}],"author":[{"embeddable":true,"href":"https:\/\/www.europesays.com\/pt\/wp-json\/wp\/v2\/users\/2"}],"replies":[{"embeddable":true,"href":"https:\/\/www.europesays.com\/pt\/wp-json\/wp\/v2\/comments?post=120410"}],"version-history":[{"count":0,"href":"https:\/\/www.europesays.com\/pt\/wp-json\/wp\/v2\/posts\/120410\/revisions"}],"wp:featuredmedia":[{"embeddable":true,"href":"https:\/\/www.europesays.com\/pt\/wp-json\/wp\/v2\/media\/120411"}],"wp:attachment":[{"href":"https:\/\/www.europesays.com\/pt\/wp-json\/wp\/v2\/media?parent=120410"}],"wp:term":[{"taxonomy":"category","embeddable":true,"href":"https:\/\/www.europesays.com\/pt\/wp-json\/wp\/v2\/categories?post=120410"},{"taxonomy":"post_tag","embeddable":true,"href":"https:\/\/www.europesays.com\/pt\/wp-json\/wp\/v2\/tags?post=120410"}],"curies":[{"name":"wp","href":"https:\/\/api.w.org\/{rel}","templated":true}]}}