{"id":120412,"date":"2025-10-21T14:16:09","date_gmt":"2025-10-21T14:16:09","guid":{"rendered":"https:\/\/www.europesays.com\/pt\/120412\/"},"modified":"2025-10-21T14:16:09","modified_gmt":"2025-10-21T14:16:09","slug":"funchal-em-parceria-com-a-biqueira-lanca-livro-receitas-com-historia","status":"publish","type":"post","link":"https:\/\/www.europesays.com\/pt\/120412\/","title":{"rendered":"Funchal, em parceria com A Biqueira, lan\u00e7a livro \u201cReceitas com Hist\u00f3ria\u201d"},"content":{"rendered":"<p>O Munic\u00edpio do Funchal, em parceria com A Biqueira, apresentou esta ter\u00e7a-feira, dia 21 de outubro, o livro \u201cReceitas com Hist\u00f3ria\u201d, em formato digital e de acesso gratuito. Trata-se de uma compila\u00e7\u00e3o de receitas elaboradas e recolhidas nos showcookings promovidos nas dez Juntas de Freguesia do concelho. A iniciativa insere-se nas comemora\u00e7\u00f5es do Dia Mundial da Alimenta\u00e7\u00e3o, celebrado anualmente a 16 de outubro.<\/p>\n<p>O Sal\u00e3o Nobre dos Pa\u00e7os do Concelho foi o palco da apresenta\u00e7\u00e3o do livro, que re\u00fane dez receitas representativas das dez freguesias do Funchal, resultado dos showcookings realizados ao longo do \u00faltimo ano, em parceria com A Biqueira.<\/p>\n<p>A iniciativa surge no \u00e2mbito da implementa\u00e7\u00e3o da Estrat\u00e9gia Alimentar SEMEAR e tem como objetivo aproximar a comunidade das receitas tradicionais madeirenses, promovendo o uso de produtos locais e sazonais, descentralizando a a\u00e7\u00e3o da SEMEAR pelo Munic\u00edpio.<\/p>\n<p>Na ocasi\u00e3o, a vereadora Helena Leal destacou que \u201cestes showcookings chegaram a 600 participantes, moradores de todas as freguesias do Munic\u00edpio, numa oportunidade \u00fanica de fortalecer os la\u00e7os com a comunidade, promover a sustentabilidade e preservar a identidade cultural atrav\u00e9s da gastronomia\u201d.<\/p>\n<p>\u201cEste livro \u00e9 o resultado desses encontros e constitui uma valiosa ferramenta para que todos possam preservar e transmitir o sabor e as ra\u00edzes da nossa regi\u00e3o. Refor\u00e7a, igualmente, o compromisso do Munic\u00edpio com a educa\u00e7\u00e3o, a inclus\u00e3o, o respeito pelo meio ambiente, o apoio ao com\u00e9rcio local e o trabalho em rede, consolidando a SEMEAR como uma iniciativa que valoriza o que \u00e9 nosso, incentivando h\u00e1bitos alimentares mais saud\u00e1veis e sustent\u00e1veis\u201d, refor\u00e7ou a autarca.<\/p>\n<p>Recorde-se que a SEMEAR \u2013 Estrat\u00e9gia Alimentar do Funchal \u2013 assume compromissos com a educa\u00e7\u00e3o, a sustentabilidade, a inclus\u00e3o, o com\u00e9rcio local e o trabalho em rede, tendo como principal objetivo promover uma alimenta\u00e7\u00e3o mais saud\u00e1vel, sustent\u00e1vel e inclusiva.<\/p>\n<p>O livro est\u00e1 dispon\u00edvel aqui: <a href=\"https:\/\/semear.funchal.pt\/wp-content\/uploads\/2025\/10\/Livro-Receitas-Com-Historia_Final-2025_compressed.pdf\" target=\"_blank\" rel=\"noopener nofollow\">https:\/\/semear.funchal.pt\/wp-content\/uploads\/2025\/10\/Livro-Receitas-Com-Historia_Final-2025_compressed.pdf<\/a><\/p>\n","protected":false},"excerpt":{"rendered":"O Munic\u00edpio do Funchal, em parceria com A Biqueira, apresentou esta ter\u00e7a-feira, dia 21 de outubro, o livro&hellip;\n","protected":false},"author":2,"featured_media":120413,"comment_status":"","ping_status":"","sticky":false,"template":"","format":"standard","meta":{"footnotes":""},"categories":[143],"tags":[169,27896,114,115,27958,170,13,32,33,17847],"class_list":{"0":"post-120412","1":"post","2":"type-post","3":"status-publish","4":"format-standard","5":"has-post-thumbnail","7":"category-livros","8":"tag-books","9":"tag-dia-mundial-da-alimentacao","10":"tag-entertainment","11":"tag-entretenimento","12":"tag-estrategia-alimentar-semear","13":"tag-livros","14":"tag-noticias","15":"tag-portugal","16":"tag-pt","17":"tag-vereadora-helena-leal"},"share_on_mastodon":{"url":"https:\/\/pubeurope.com\/@pt\/115412584760788452","error":""},"_links":{"self":[{"href":"https:\/\/www.europesays.com\/pt\/wp-json\/wp\/v2\/posts\/120412","targetHints":{"allow":["GET"]}}],"collection":[{"href":"https:\/\/www.europesays.com\/pt\/wp-json\/wp\/v2\/posts"}],"about":[{"href":"https:\/\/www.europesays.com\/pt\/wp-json\/wp\/v2\/types\/post"}],"author":[{"embeddable":true,"href":"https:\/\/www.europesays.com\/pt\/wp-json\/wp\/v2\/users\/2"}],"replies":[{"embeddable":true,"href":"https:\/\/www.europesays.com\/pt\/wp-json\/wp\/v2\/comments?post=120412"}],"version-history":[{"count":0,"href":"https:\/\/www.europesays.com\/pt\/wp-json\/wp\/v2\/posts\/120412\/revisions"}],"wp:featuredmedia":[{"embeddable":true,"href":"https:\/\/www.europesays.com\/pt\/wp-json\/wp\/v2\/media\/120413"}],"wp:attachment":[{"href":"https:\/\/www.europesays.com\/pt\/wp-json\/wp\/v2\/media?parent=120412"}],"wp:term":[{"taxonomy":"category","embeddable":true,"href":"https:\/\/www.europesays.com\/pt\/wp-json\/wp\/v2\/categories?post=120412"},{"taxonomy":"post_tag","embeddable":true,"href":"https:\/\/www.europesays.com\/pt\/wp-json\/wp\/v2\/tags?post=120412"}],"curies":[{"name":"wp","href":"https:\/\/api.w.org\/{rel}","templated":true}]}}