{"id":120424,"date":"2025-10-21T14:25:14","date_gmt":"2025-10-21T14:25:14","guid":{"rendered":"https:\/\/www.europesays.com\/pt\/120424\/"},"modified":"2025-10-21T14:25:14","modified_gmt":"2025-10-21T14:25:14","slug":"o-canada-mostra-a-europa-como-neutralizar-os-ataques-comerciais-de-trump","status":"publish","type":"post","link":"https:\/\/www.europesays.com\/pt\/120424\/","title":{"rendered":"O Canad\u00e1 mostra \u00e0 Europa como neutralizar os ataques comerciais de Trump"},"content":{"rendered":"<p class=\"wp-caption-text top\">Thomas Padilla \/ POOL \/ EPA<\/p>\n<p><img decoding=\"async\" loading=\"lazy\" class=\"size-kopa-image-size-3 wp-image-682955\" src=\"https:\/\/www.europesays.com\/pt\/wp-content\/uploads\/2025\/10\/c15291784c5c9ff1ffee12d66399ad80-1-783x450.jpg\" alt=\"\" width=\"700\" height=\"402\"  \/><\/p>\n<p class=\"wp-caption-text bot\">Mark Carney, primeiro-ministro do Canad\u00e1, e Emmanuel Macron, Presidente de Fran\u00e7a<\/p>\n<p><strong> As mais recentes reformas encetadas pelo governo de Otava s\u00e3o um modelo para as v\u00edtimas da guerra comercial de Washington em todo o mundo.<\/strong><\/p>\n<p>Os discursos de chefes de governo raramente merecem uma leitura, mas a <a href=\"https:\/\/www.cfr.org\/event\/russell-c-leffingwell-lecture-prime-minister-mark-carney-canada\" data-wpel-link=\"external\" target=\"_blank\" rel=\"nofollow external noopener noreferrer\" class=\"ext-link\">interven\u00e7\u00e3o<\/a> do primeiro-ministro canadiano <strong>Mark Carney<\/strong> no Conselho de Rela\u00e7\u00f5es Exteriores, a 22 de setembro, \u00e9 uma exce\u00e7\u00e3o a esta regra.<\/p>\n<p>Segundo o <a href=\"https:\/\/foreignpolicy.com\/2025\/10\/20\/canada-carney-trump-trade-attacks-america\/\" data-wpel-link=\"external\" target=\"_blank\" rel=\"nofollow external noopener noreferrer\" class=\"ext-link\">Foreign Policy<\/a>, Carney faz um<strong> diagn\u00f3stico sem rodeios<\/strong>: para uma economia aberta e democr\u00e1tica como \u00e9 a do Canad\u00e1, o <strong>fim da ordem mundial<\/strong> baseada em regras e os desafios comerciais resultantes tanto dos Estados Unidos como da China representam <strong>amea\u00e7as existenciais<\/strong>.<\/p>\n<p><strong> Nem tudo est\u00e1 perdido, por\u00e9m<\/strong>. Como refere Carney, os pa\u00edses podem ainda \u201ccontinuar em frente \u2014 com <strong>aquilo que conseguem controlar<\/strong>\u201c.<\/p>\n<p><strong>Concentrar-se<\/strong> nas \u00e1reas onde o Canad\u00e1 mant\u00e9m alguma margem de manobra \u00e9 precisamente o objetivo de muitas das reformas que Otava tem vindo a adotar recentemente.<\/p>\n<p>Para outras economias abertas e desenvolvidas, como as da Uni\u00e3o Europeia, estas pol\u00edticas constituem um<strong> modelo para uma resposta sensata<\/strong> aos atuais desafios econ\u00f3micos.<\/p>\n<p>Estas pol\u00edticas incluem o <strong>apoio \u00e0 exporta\u00e7\u00e3o<\/strong> atrav\u00e9s do aprofundamento do mercado interno, redobrar de esfor\u00e7os em <strong>novos acordos de com\u00e9rcio<\/strong> livre e o <strong>aproveitamento dos ativos existentes<\/strong> \u2014 que permitam a estas economias tornarem-se<strong> fornecedoras de bens cr\u00edticos a pa\u00edses aliados<\/strong> com ideias afins.<\/p>\n<p>Numa altura em que as tarifas aduaneiras norte-americanas captam as manchetes, a primeira <strong>prioridade para as economias desenvolvidas \u00e9 ajudar os exportadores<\/strong> que parecem destinados a perder quota de mercado nos Estados Unidos.<\/p>\n<p>Mas <strong>olhar para dentro \u00e9 frequentemente um bom primeiro passo<\/strong>, diz o Foreign Policy. Se fazer neg\u00f3cios no estrangeiro se est\u00e1 a tornar mais complicado, ent\u00e3o talvez <strong>refor\u00e7ar as vendas internas<\/strong> possa ajudar.<\/p>\n<p><strong>Duas estat\u00edsticas<\/strong> ilustram como tal plano poderia ser importante para o Canad\u00e1.<\/p>\n<p>Em primeiro lugar, entre junho de 2023 e outubro de 2024, apenas 27% das empresas canadianas venderam bens ou servi\u00e7os<strong> fora da sua regi\u00e3o<\/strong> de origem, o que evidencia como o pa\u00eds tem ainda <strong>algum caminho a percorrer<\/strong> para aprofundar o seu mercado interno.<\/p>\n<p>Em segundo lugar, as <strong>exporta\u00e7\u00f5es canadianas para o estrangeiro valem o dobro<\/strong> do com\u00e9rcio entre regi\u00f5es.<\/p>\n<p>As empresas canadianas interessadas em crescer no mercado interno enfrentam <strong>tr\u00eas tipos de barreiras<\/strong>. As primeiras destas barreiras s\u00e3o geogr\u00e1ficas: longas dist\u00e2ncias e invernos rigorosos.<\/p>\n<p>Em segundo lugar, h\u00e1 proibi\u00e7\u00f5es ao com\u00e9rcio inte-regional: por exemplo, em muitos casos, o <strong>vinho produzido numa prov\u00edncia n\u00e3o pode ser vendido<\/strong> diretamente noutras.<\/p>\n<p>O terceiro tipo de barreira tem a ver com <strong>discrep\u00e2ncias regulamentares<\/strong> entre prov\u00edncias: por exemplo, muitas jurisdi\u00e7\u00f5es t\u00eam o seu pr\u00f3prio conjunto de regras de efici\u00eancia energ\u00e9tica para m\u00e1quinas de lavar lou\u00e7a.<\/p>\n<p>Os impedimentos \u00e0s vendas inter-regionais t\u00eam <strong>um pre\u00e7o elevado<\/strong>: o Fundo Monet\u00e1rio Internacional (FMI) calcula que em 2015, excluindo a geografia, tais barreiras equivaliam a uma tarifa de 21% \u2014 cerca de seis vezes a tarifa m\u00e9dia do Canad\u00e1 para importa\u00e7\u00f5es estrangeiras. Por outras palavras, \u00e9 frequentemente <strong>mais f\u00e1cil comprar bens do estrangeiro<\/strong> do que de outra prov\u00edncia.<\/p>\n<p>Durante muito tempo, as discuss\u00f5es sobre as barreiras comerciais inter-regionais do Canad\u00e1 <strong>confinaram-se aos c\u00edrculos acad\u00e9micos<\/strong>.<\/p>\n<p>As tarifas do Presidente norte-americano <strong>Donald Trump,<\/strong> contudo, colocaram o assunto na ordem do dia, e fomentaram a r\u00e1pida ado\u00e7\u00e3o da Lei de Uma Economia Canadiana em junho, que visa <strong>remover barreiras regulamentares e t\u00e9cnicas<\/strong> ao com\u00e9rcio intra-canadiano.<\/p>\n<p>As prov\u00edncias t\u00eam a maior autoridade nesta \u00e1rea, mas o governo federal n\u00e3o est\u00e1 parado: em junho, <strong>removeu todas as 53 exce\u00e7\u00f5es federais<\/strong> ao Acordo Canadiano de Com\u00e9rcio Livre, <strong>eliminando uma longa lista de barreiras<\/strong> ao com\u00e9rcio livre entre prov\u00edncias.<\/p>\n<p>A tentativa do Canad\u00e1 de remover barreiras internas ao com\u00e9rcio vai ao encontro de <strong>apelos recentes para que a UE aprofunde o seu mercado interno<\/strong>. Tal como o do Canad\u00e1, <strong>o \u201cmercado \u00fanico\u201d da UE \u00e9 tudo menos isso<\/strong>.<\/p>\n<p>O FMI calcula que a c<strong>oexist\u00eancia de 27 conjuntos de regulamenta\u00e7\u00f5es<\/strong> nacionais, regras alfandeg\u00e1rias e leis fiscais <strong>coloca o equivalente a uma tarifa de 44%<\/strong> no com\u00e9rcio de bens intra-UE.<\/p>\n<p>Assim, enquanto o bloco europeu tenta construir uma resposta aos ataques comerciais de Trump, <strong>olhar para o outro lado do Atl\u00e2ntico<\/strong> para o que est\u00e1 a acontecer no Canad\u00e1 poderia ser uma jogada s\u00e1bia para Bruxelas.<\/p>\n<p>E em vez de estar a <strong>debater cada declara\u00e7\u00e3o de Trump<\/strong>, os decisores pol\u00edticos da UE poderiam ser bem aconselhados a pedir aos canadianos alguns consehos de pol\u00edtica, conclui o Foreign Policy.<\/p>\n<p>    <a href=\"https:\/\/zap.aeiou.pt\/subscrever-newsletter\" data-wpel-link=\"internal\" rel=\"nofollow noopener\" target=\"_blank\">&#13;<br \/>\n        <img loading=\"lazy\" decoding=\"async\" class=\"aligncenter size-full wp-image-575475\" src=\"https:\/\/www.europesays.com\/pt\/wp-content\/uploads\/2025\/10\/1759862234_971_2d51fe4a0ba54894421ead1809309ed9-1-450x140.jpg\" alt=\"Subscreva a Newsletter ZAP\" width=\"450\" height=\"140\"\/>&#13;<br \/>\n    <\/a><\/p>\n<p>                <a href=\"https:\/\/whatsapp.com\/channel\/0029VaIC4EE2f3EJZPPSbR34\" data-wpel-link=\"external\" target=\"_blank\" rel=\"nofollow external noopener noreferrer\" class=\"ext-link\">&#13;<br \/>\n                    <img loading=\"lazy\" decoding=\"async\" class=\"aligncenter size-full wp-image-575475\" src=\"https:\/\/www.europesays.com\/pt\/wp-content\/uploads\/2025\/10\/1759862234_512_c68c559d956d4ca20f435ed74a6e71e6.png\" alt=\"Siga-nos no WhatsApp\" width=\"175\" height=\"64\"\/>&#13;<br \/>\n                <\/a><\/p>\n<p>                <a href=\"https:\/\/news.google.com\/publications\/CAAiEHRwZondIV71PDjWNoqMduEqFAgKIhB0cGaJ3SFe9Tw41jaKjHbh?hl=en-US&amp;gl=US&amp;ceid=US%3Aen\" data-wpel-link=\"external\" target=\"_blank\" rel=\"nofollow external noopener noreferrer\" class=\"ext-link\">&#13;<br \/>\n                    <img loading=\"lazy\" decoding=\"async\" class=\"aligncenter size-full wp-image-575475\" src=\"https:\/\/www.europesays.com\/pt\/wp-content\/uploads\/2025\/10\/1759862235_242_5123dd8b087b644fdb8f8603acd1bad4.png\" alt=\"Siga-nos no Google News\" width=\"176\" height=\"64\"\/>&#13;<br \/>\n                <\/a><\/p>\n","protected":false},"excerpt":{"rendered":"Thomas Padilla \/ POOL \/ EPA Mark Carney, primeiro-ministro do Canad\u00e1, e Emmanuel Macron, Presidente de Fran\u00e7a As&hellip;\n","protected":false},"author":2,"featured_media":120425,"comment_status":"","ping_status":"","sticky":false,"template":"","format":"standard","meta":{"footnotes":""},"categories":[50],"tags":[27,28,2965,269,476,413,15,16,93,14,25,26,21,22,62,12,13,19,20,23,24,17,18,29,30,31,636,63,64,65],"class_list":{"0":"post-120424","1":"post","2":"type-post","3":"status-publish","4":"format-standard","5":"has-post-thumbnail","7":"category-mundo","8":"tag-breaking-news","9":"tag-breakingnews","10":"tag-canada","11":"tag-capa","12":"tag-economia","13":"tag-eua","14":"tag-featured-news","15":"tag-featurednews","16":"tag-guerra-comercial","17":"tag-headlines","18":"tag-latest-news","19":"tag-latestnews","20":"tag-main-news","21":"tag-mainnews","22":"tag-mundo","23":"tag-news","24":"tag-noticias","25":"tag-noticias-principais","26":"tag-noticiasprincipais","27":"tag-principais-noticias","28":"tag-principaisnoticias","29":"tag-top-stories","30":"tag-topstories","31":"tag-ultimas","32":"tag-ultimas-noticias","33":"tag-ultimasnoticias","34":"tag-uniao-europeia","35":"tag-world","36":"tag-world-news","37":"tag-worldnews"},"share_on_mastodon":{"url":"https:\/\/pubeurope.com\/@pt\/115412620159016050","error":""},"_links":{"self":[{"href":"https:\/\/www.europesays.com\/pt\/wp-json\/wp\/v2\/posts\/120424","targetHints":{"allow":["GET"]}}],"collection":[{"href":"https:\/\/www.europesays.com\/pt\/wp-json\/wp\/v2\/posts"}],"about":[{"href":"https:\/\/www.europesays.com\/pt\/wp-json\/wp\/v2\/types\/post"}],"author":[{"embeddable":true,"href":"https:\/\/www.europesays.com\/pt\/wp-json\/wp\/v2\/users\/2"}],"replies":[{"embeddable":true,"href":"https:\/\/www.europesays.com\/pt\/wp-json\/wp\/v2\/comments?post=120424"}],"version-history":[{"count":0,"href":"https:\/\/www.europesays.com\/pt\/wp-json\/wp\/v2\/posts\/120424\/revisions"}],"wp:featuredmedia":[{"embeddable":true,"href":"https:\/\/www.europesays.com\/pt\/wp-json\/wp\/v2\/media\/120425"}],"wp:attachment":[{"href":"https:\/\/www.europesays.com\/pt\/wp-json\/wp\/v2\/media?parent=120424"}],"wp:term":[{"taxonomy":"category","embeddable":true,"href":"https:\/\/www.europesays.com\/pt\/wp-json\/wp\/v2\/categories?post=120424"},{"taxonomy":"post_tag","embeddable":true,"href":"https:\/\/www.europesays.com\/pt\/wp-json\/wp\/v2\/tags?post=120424"}],"curies":[{"name":"wp","href":"https:\/\/api.w.org\/{rel}","templated":true}]}}