{"id":120426,"date":"2025-10-21T14:26:21","date_gmt":"2025-10-21T14:26:21","guid":{"rendered":"https:\/\/www.europesays.com\/pt\/120426\/"},"modified":"2025-10-21T14:26:21","modified_gmt":"2025-10-21T14:26:21","slug":"espanha-propoe-fim-da-mudanca-de-hora-debate-no-conselho-europeu","status":"publish","type":"post","link":"https:\/\/www.europesays.com\/pt\/120426\/","title":{"rendered":"Espanha Prop\u00f5e Fim da Mudan\u00e7a de Hora: Debate no Conselho Europeu"},"content":{"rendered":"<p>O governo espanhol quer acabar com a mudan\u00e7a de hora em definitivo e vai avan\u00e7ar com essa proposta no Conselho Europeu.<\/p>\n<p>\u201cEste \u00e9 um debate antigo, pois o Parlamento Europeu votou h\u00e1 seis anos o fim da mudan\u00e7a da hora. Por isso, hoje, o governo espanhol vai defender no Conselho Europeu que mantenhamos esta vota\u00e7\u00e3o maiorit\u00e1ria e finalmente paremos de mudar as horas em 2026\u201d, afirmou Pedro S\u00e1nchez, presidente do Governo espanhol, numa mensagem nas redes sociais.<\/p>\n<p>&#8220;Francamente, j\u00e1 n\u00e3o vejo sentido&#8221;, afirmou S\u00e1nchez.<\/p>\n<p>\u201cEm todas as sondagens em que foram entrevistados espanh\u00f3is e europeus, a maioria mostrou-se contra a mudan\u00e7a da hora\u201d, acrescentou, revelando que vai propor o fim da mudan\u00e7a da hora duas vezes por ano.<\/p>\n<p>S\u00e1nchez fala ainda dos efeitos negativos na sa\u00fade e bem estar dos cidad\u00e3os para justificar esta decis\u00e3o.<\/p>\n","protected":false},"excerpt":{"rendered":"O governo espanhol quer acabar com a mudan\u00e7a de hora em definitivo e vai avan\u00e7ar com essa proposta&hellip;\n","protected":false},"author":2,"featured_media":120427,"comment_status":"","ping_status":"","sticky":false,"template":"","format":"standard","meta":{"footnotes":""},"categories":[10],"tags":[27,28,640,15,16,14,25,26,21,22,23995,12,13,19,20,32,23,24,33,17,18,29,30,31],"class_list":{"0":"post-120426","1":"post","2":"type-post","3":"status-publish","4":"format-standard","5":"has-post-thumbnail","7":"category-portugal","8":"tag-breaking-news","9":"tag-breakingnews","10":"tag-espanha","11":"tag-featured-news","12":"tag-featurednews","13":"tag-headlines","14":"tag-latest-news","15":"tag-latestnews","16":"tag-main-news","17":"tag-mainnews","18":"tag-mudanca-da-hora","19":"tag-news","20":"tag-noticias","21":"tag-noticias-principais","22":"tag-noticiasprincipais","23":"tag-portugal","24":"tag-principais-noticias","25":"tag-principaisnoticias","26":"tag-pt","27":"tag-top-stories","28":"tag-topstories","29":"tag-ultimas","30":"tag-ultimas-noticias","31":"tag-ultimasnoticias"},"share_on_mastodon":{"url":"https:\/\/pubeurope.com\/@pt\/115412623960147809","error":""},"_links":{"self":[{"href":"https:\/\/www.europesays.com\/pt\/wp-json\/wp\/v2\/posts\/120426","targetHints":{"allow":["GET"]}}],"collection":[{"href":"https:\/\/www.europesays.com\/pt\/wp-json\/wp\/v2\/posts"}],"about":[{"href":"https:\/\/www.europesays.com\/pt\/wp-json\/wp\/v2\/types\/post"}],"author":[{"embeddable":true,"href":"https:\/\/www.europesays.com\/pt\/wp-json\/wp\/v2\/users\/2"}],"replies":[{"embeddable":true,"href":"https:\/\/www.europesays.com\/pt\/wp-json\/wp\/v2\/comments?post=120426"}],"version-history":[{"count":0,"href":"https:\/\/www.europesays.com\/pt\/wp-json\/wp\/v2\/posts\/120426\/revisions"}],"wp:featuredmedia":[{"embeddable":true,"href":"https:\/\/www.europesays.com\/pt\/wp-json\/wp\/v2\/media\/120427"}],"wp:attachment":[{"href":"https:\/\/www.europesays.com\/pt\/wp-json\/wp\/v2\/media?parent=120426"}],"wp:term":[{"taxonomy":"category","embeddable":true,"href":"https:\/\/www.europesays.com\/pt\/wp-json\/wp\/v2\/categories?post=120426"},{"taxonomy":"post_tag","embeddable":true,"href":"https:\/\/www.europesays.com\/pt\/wp-json\/wp\/v2\/tags?post=120426"}],"curies":[{"name":"wp","href":"https:\/\/api.w.org\/{rel}","templated":true}]}}