{"id":120444,"date":"2025-10-21T14:39:08","date_gmt":"2025-10-21T14:39:08","guid":{"rendered":"https:\/\/www.europesays.com\/pt\/120444\/"},"modified":"2025-10-21T14:39:08","modified_gmt":"2025-10-21T14:39:08","slug":"sarkozy-entra-na-prisao-de-la-sante-para-cumprir-pena-de-cinco-anos","status":"publish","type":"post","link":"https:\/\/www.europesays.com\/pt\/120444\/","title":{"rendered":"Sarkozy entra na pris\u00e3o de La Sant\u00e9 para cumprir pena de cinco anos"},"content":{"rendered":"<p>&#13;<br \/>\nO ex-chefe de Estado franc\u00eas saiu de casa ao in\u00edcio da manh\u00e3 de m\u00e3o dada \u00e0 esposa, Carla Bruni, e seguiu at\u00e9 \u00e0 cadeia, sendo saudado por v\u00e1rios cidad\u00e3os ao longo do caminho.<br \/>&#13;\n<\/p>\n<p><b><br \/>&#13;<br \/>\n\u00c9 a primeira vez que um ex-chefe de Estado \u00e9 condenado e preso. Nicolas Sarkozy j\u00e1 dorme esta noite na pris\u00e3o de La Sant\u00e9, numa cela de 11 metros quadrados, como qualquer outro recluso.<\/b><br \/>\n          <img decoding=\"async\" itemprop=\"image\" class=\"img-fluid\"   src=\"https:\/\/www.europesays.com\/pt\/wp-content\/uploads\/2025\/10\/7b491fc3ab3933d5a58847f96c5ae4ba_N.jpg\"\/><\/p>\n<p>O ex-presidente de Fran\u00e7a saiu de casa pouco depois das 9h00 locais para se dirigir \u00e0 cadeia onde se prev\u00ea que cumpra cinco anos pelo crime de conspira\u00e7\u00e3o criminosa na tentativa de utiliza\u00e7\u00e3o de dinheiro l\u00edbio, destinado a financiar a sua campanha eleitoral de 2007.\u00a0<\/p>\n<p>&#13;<br \/>\nAo sair da sua resid\u00eancia, Sarkosy foi surprendido pela presen\u00e7a de alguns cidad\u00e3os que o esperavam para o saudar.\u00a0<b>Tamb\u00e9m \u00e0 porta da institui\u00e7\u00e3o prisional estavam j\u00e1 dezenas de franceses, que aguardam pela chegad do primeiro ex-presidente da Quinta Rep\u00fablica a ser preso.&#13;<br \/>\n<\/b>&#13;\n<\/p>\n<p>Desta forma, Nicolas Sarkozy vai evitar qualquer contacto com outros reclusos, garantindo a seguran\u00e7a e impedindo qualquer fotografia n\u00e3o autorizada captada atrav\u00e9s de telem\u00f3veis.<\/p>\n<p><b>\u00c0 sa\u00edda de casa, o ex-presidente disse que &#8220;a verdade vai triunfar&#8221;.<\/b><\/p>\n<p>          <img decoding=\"async\" itemprop=\"image\" class=\"img-fluid\"   src=\"https:\/\/www.europesays.com\/pt\/wp-content\/uploads\/2025\/10\/804b32d95f443989f30024bf776c2479_N.jpg\"\/><\/p>\n<p><b>\u00a0Os advogados de Nicolas Sarkozy devem apresentar um pedido de liberta\u00e7\u00e3o do ex-presidente que recorreu da senten\u00e7a, logo que entre na pris\u00e3o. <\/b>A senten\u00e7a, recorde-se, foi decretada no passado dia 25 de setembro.<\/p>\n<p>Antes de entrar na cadeia de La Sant\u00e9, Nicolas Sarkozy reiterou que est\u00e1 inocente e que a verdade vai triunfar. Atrav\u00e9s de uma mensagem nas redes sociais e que foi divulgada momentos antes de entrar na pris\u00e3o de Paris, o antigo presidente disse que est\u00e1 &#8220;a ser fechado&#8221; na cadeia.<\/p>\n<p>Por outro lado, Sarkozy escreveu ainda que sente &#8220;profunda tristeza pela Fran\u00e7a, que se v\u00ea humilhada pela express\u00e3o de uma vingan\u00e7a que elevou o \u00f3dio a um n\u00edvel sem precedentes&#8221;. Acrescentou ainda que o &#8220;pre\u00e7o a pagar \u00e9 esmagador&#8221;, mas n\u00e3o especificou o teor da declara\u00e7\u00e3o.<br \/>&#13;\n<\/p>\n<p>Ao jornal La Tribune, no domingo, Sarkozy garantiu que n\u00e3o tem medo de ir preso e que vai manter a cabe\u00e7a erguida. <b>Embora v\u00e1 cumprir a pena detido numa cadeia, ter\u00e1 condi\u00e7\u00f5es especiais na pris\u00e3o, como ter uma sela pr\u00f3pria com uma cama, casa de banho com duche, um frigor\u00edfico, uma secret\u00e1ria e luz durante a noite. O ex-presidente franc\u00eas estar\u00e1 preso mas numa ala separada dos outros reclusos da pris\u00e3o geral.<\/b><\/p>\n<p>A pris\u00e3o de La Sant\u00e9, localizada bem no cora\u00e7\u00e3o de Paris, \u00e9 conhecida por receber ao longo dos anos figuras hist\u00f3ricas e politicas.&#13;\n<\/p>\n<p>Sarkozy foi o 23.\u00ba presidente de Fran\u00e7a tendo ocupado o cargo entre 2007 e 2012. De acordo com o jornal Le Figaro, Sarkozy reuniu-se na passada sexta-feira com o atual chefe de Estado, Emmanuel Macron.<\/p>\n<p>O antigo chefe de Estado foi considerado culpado por ter permitido que dois conselheiros do Minist\u00e9rio do Interior (equivalente ao Minist\u00e9rio da Administra\u00e7\u00e3o Interna) iniciassem negocia\u00e7\u00f5es em Tripoli com o objetivo de financiar secretamente a campanha presidencial de 2007.<br \/>&#13;<\/p>\n","protected":false},"excerpt":{"rendered":"&#13; O ex-chefe de Estado franc\u00eas saiu de casa ao in\u00edcio da manh\u00e3 de m\u00e3o dada \u00e0 esposa,&hellip;\n","protected":false},"author":2,"featured_media":120445,"comment_status":"","ping_status":"","sticky":false,"template":"","format":"standard","meta":{"footnotes":""},"categories":[50],"tags":[27,28,15,16,14,25,26,21,22,62,12,13,19,20,23,24,420,421,17,18,29,30,31,63,64,65],"class_list":{"0":"post-120444","1":"post","2":"type-post","3":"status-publish","4":"format-standard","5":"has-post-thumbnail","7":"category-mundo","8":"tag-breaking-news","9":"tag-breakingnews","10":"tag-featured-news","11":"tag-featurednews","12":"tag-headlines","13":"tag-latest-news","14":"tag-latestnews","15":"tag-main-news","16":"tag-mainnews","17":"tag-mundo","18":"tag-news","19":"tag-noticias","20":"tag-noticias-principais","21":"tag-noticiasprincipais","22":"tag-principais-noticias","23":"tag-principaisnoticias","24":"tag-rtp","25":"tag-rtp-noticias","26":"tag-top-stories","27":"tag-topstories","28":"tag-ultimas","29":"tag-ultimas-noticias","30":"tag-ultimasnoticias","31":"tag-world","32":"tag-world-news","33":"tag-worldnews"},"share_on_mastodon":{"url":"https:\/\/pubeurope.com\/@pt\/115412675287983058","error":""},"_links":{"self":[{"href":"https:\/\/www.europesays.com\/pt\/wp-json\/wp\/v2\/posts\/120444","targetHints":{"allow":["GET"]}}],"collection":[{"href":"https:\/\/www.europesays.com\/pt\/wp-json\/wp\/v2\/posts"}],"about":[{"href":"https:\/\/www.europesays.com\/pt\/wp-json\/wp\/v2\/types\/post"}],"author":[{"embeddable":true,"href":"https:\/\/www.europesays.com\/pt\/wp-json\/wp\/v2\/users\/2"}],"replies":[{"embeddable":true,"href":"https:\/\/www.europesays.com\/pt\/wp-json\/wp\/v2\/comments?post=120444"}],"version-history":[{"count":0,"href":"https:\/\/www.europesays.com\/pt\/wp-json\/wp\/v2\/posts\/120444\/revisions"}],"wp:featuredmedia":[{"embeddable":true,"href":"https:\/\/www.europesays.com\/pt\/wp-json\/wp\/v2\/media\/120445"}],"wp:attachment":[{"href":"https:\/\/www.europesays.com\/pt\/wp-json\/wp\/v2\/media?parent=120444"}],"wp:term":[{"taxonomy":"category","embeddable":true,"href":"https:\/\/www.europesays.com\/pt\/wp-json\/wp\/v2\/categories?post=120444"},{"taxonomy":"post_tag","embeddable":true,"href":"https:\/\/www.europesays.com\/pt\/wp-json\/wp\/v2\/tags?post=120444"}],"curies":[{"name":"wp","href":"https:\/\/api.w.org\/{rel}","templated":true}]}}