{"id":120446,"date":"2025-10-21T14:40:07","date_gmt":"2025-10-21T14:40:07","guid":{"rendered":"https:\/\/www.europesays.com\/pt\/120446\/"},"modified":"2025-10-21T14:40:07","modified_gmt":"2025-10-21T14:40:07","slug":"operacao-marques-socrates-teve-tres-emprestimos-simultaneos-na-caixa-para-cobrir-despesas","status":"publish","type":"post","link":"https:\/\/www.europesays.com\/pt\/120446\/","title":{"rendered":"Opera\u00e7\u00e3o Marqu\u00eas. S\u00f3crates teve tr\u00eas empr\u00e9stimos simult\u00e2neos na Caixa para cobrir despesas"},"content":{"rendered":"<p>&#13;<br \/>\nNo julgamento da Opera\u00e7\u00e3o Marqu\u00eas, em Lisboa, Dina Alexandre explicou, num depoimento em que foram reproduzidas v\u00e1rias interce\u00e7\u00f5es telef\u00f3nicas para reavivar a mem\u00f3ria da banc\u00e1ria, que Jos\u00e9 S\u00f3crates come\u00e7ou por pedir, no in\u00edcio de 2014, um empr\u00e9stimo total de 75 mil euros para suportar as suas &#8220;despesas de instala\u00e7\u00e3o&#8221; para estudar em Paris e do filho, ent\u00e3o j\u00e1 a residir na capital francesa com a m\u00e3e, sua ex-mulher.&#13;\n<\/p>\n<p>&#13;<br \/>\nEm agosto, quando o financiamento baixara para 52 mil euros, o antigo primeiro-ministro (2005-2011) obteve um novo empr\u00e9stimo de 40 mil euros e, no final de outubro, um terceiro de 30 mil euros, destinado a pagar parcialmente cerca de 40 mil euros que devia de Imposto sobre o Rendimento de Pessoas Singulares (IRS).&#13;\n<\/p>\n<p>&#13;<br \/>\nNuma conversa com Dina Alexandre em 2014 ouvida hoje em tribunal a prop\u00f3sito deste \u00faltimo financiamento, Jos\u00e9 S\u00f3crates mostrou-se surpreendido ao ser alertado pela gestora de conta que tinha despesas fixas de cerca de 15 mil euros, reagindo que &#8220;a ganhar tanto dinheiro&#8221;, estava &#8220;com as despesas absolutamente exageradas&#8221;.&#13;\n<\/p>\n<p>&#13;<br \/>\n\u00c0 data, o ex-governante socialista tinha um sal\u00e1rio de pelo menos 12.500 euros, por trabalhos com empresas farmac\u00eauticas, e as despesas fixas inclu\u00edam a amortiza\u00e7\u00e3o mensal no valor de mais de 5.500 euros dos empr\u00e9stimos contra\u00eddos, um pagamento mensal de outros cinco mil euros \u00e0 ex-mulher e o `leasing` de um autom\u00f3vel Mercedes.&#13;\n<\/p>\n<p>&#13;<br \/>\n&#8220;Eu muitas vezes tive de lhe fazer alguma sistematiza\u00e7\u00e3o das despesas que [Jos\u00e9 S\u00f3crates] tinha, para ele perceber que dali n\u00e3o passava&#8221;, sublinhou hoje Dina Alexandre, acrescentando que era por telefone que o antigo primeiro-ministro ia perguntando pelos movimentos da sua conta banc\u00e1ria, na qual era depositado o seu ordenado.&#13;\n<\/p>\n<p>&#13;<br \/>\nA banc\u00e1ria salientou ainda que o antigo primeiro-ministro era considerado um &#8220;cliente cred\u00edvel&#8221;, e que n\u00e3o houve qualquer tratamento especial na concess\u00e3o dos empr\u00e9stimos, aprovados pela dire\u00e7\u00e3o comercial em fun\u00e7\u00e3o do &#8220;padr\u00e3o de rendimentos&#8221; que havia.&#13;\n<\/p>\n<p>&#13;<br \/>\nOs empr\u00e9stimos foram todos pagos mais tarde, depois de Jos\u00e9 S\u00f3crates ter ficado em pris\u00e3o preventiva, em novembro de 2014, com recurso ao dinheiro da venda da casa do ex-governante em Lisboa, tendo Dina Alexandre admitido hoje, a perguntas de defesa, que, caso este tivesse continuado a receber o ordenado, o financiamento teria sido devolvido no prazo estipulado de dois anos, uma vez que as presta\u00e7\u00f5es seriam descontadas automaticamente com a entrada dos sal\u00e1rios.&#13;\n<\/p>\n<p>&#13;<br \/>\nJos\u00e9 S\u00f3crates, de 67 anos, est\u00e1 pronunciado (acusado ap\u00f3s instru\u00e7\u00e3o) de 22 crimes, incluindo tr\u00eas de corrup\u00e7\u00e3o, por ter, alegadamente, recebido dinheiro para beneficiar em dossi\u00eas distintos o grupo Lena, o Grupo Esp\u00edrito Santo (GES) e o `resort` algarvio de Vale do Lobo.&#13;\n<\/p>\n<p>&#13;<br \/>\nNo total, o processo conta com 21 arguidos, que t\u00eam, em geral, negado a pr\u00e1tica dos 117 crimes econ\u00f3mico-financeiros que lhe s\u00e3o imputados.&#13;\n<\/p>\n<p>&#13;<br \/>\nO julgamento decorre desde 03 de julho no Tribunal Central Criminal de Lisboa.&#13;<\/p>\n","protected":false},"excerpt":{"rendered":"&#13; No julgamento da Opera\u00e7\u00e3o Marqu\u00eas, em Lisboa, Dina Alexandre explicou, num depoimento em que foram reproduzidas v\u00e1rias&hellip;\n","protected":false},"author":2,"featured_media":120447,"comment_status":"","ping_status":"","sticky":false,"template":"","format":"standard","meta":{"footnotes":""},"categories":[10],"tags":[27,28,27960,27961,15,16,14,25,26,21,22,12,13,19,20,32,23,24,694,33,17,18,29,30,31,27959],"class_list":{"0":"post-120446","1":"post","2":"type-post","3":"status-publish","4":"format-standard","5":"has-post-thumbnail","7":"category-portugal","8":"tag-breaking-news","9":"tag-breakingnews","10":"tag-dina-alexandre","11":"tag-espirito","12":"tag-featured-news","13":"tag-featurednews","14":"tag-headlines","15":"tag-latest-news","16":"tag-latestnews","17":"tag-main-news","18":"tag-mainnews","19":"tag-news","20":"tag-noticias","21":"tag-noticias-principais","22":"tag-noticiasprincipais","23":"tag-portugal","24":"tag-principais-noticias","25":"tag-principaisnoticias","26":"tag-prisao","27":"tag-pt","28":"tag-top-stories","29":"tag-topstories","30":"tag-ultimas","31":"tag-ultimas-noticias","32":"tag-ultimasnoticias","33":"tag-versao-corrigir"},"share_on_mastodon":{"url":"https:\/\/pubeurope.com\/@pt\/115412679168034853","error":""},"_links":{"self":[{"href":"https:\/\/www.europesays.com\/pt\/wp-json\/wp\/v2\/posts\/120446","targetHints":{"allow":["GET"]}}],"collection":[{"href":"https:\/\/www.europesays.com\/pt\/wp-json\/wp\/v2\/posts"}],"about":[{"href":"https:\/\/www.europesays.com\/pt\/wp-json\/wp\/v2\/types\/post"}],"author":[{"embeddable":true,"href":"https:\/\/www.europesays.com\/pt\/wp-json\/wp\/v2\/users\/2"}],"replies":[{"embeddable":true,"href":"https:\/\/www.europesays.com\/pt\/wp-json\/wp\/v2\/comments?post=120446"}],"version-history":[{"count":0,"href":"https:\/\/www.europesays.com\/pt\/wp-json\/wp\/v2\/posts\/120446\/revisions"}],"wp:featuredmedia":[{"embeddable":true,"href":"https:\/\/www.europesays.com\/pt\/wp-json\/wp\/v2\/media\/120447"}],"wp:attachment":[{"href":"https:\/\/www.europesays.com\/pt\/wp-json\/wp\/v2\/media?parent=120446"}],"wp:term":[{"taxonomy":"category","embeddable":true,"href":"https:\/\/www.europesays.com\/pt\/wp-json\/wp\/v2\/categories?post=120446"},{"taxonomy":"post_tag","embeddable":true,"href":"https:\/\/www.europesays.com\/pt\/wp-json\/wp\/v2\/tags?post=120446"}],"curies":[{"name":"wp","href":"https:\/\/api.w.org\/{rel}","templated":true}]}}