{"id":120455,"date":"2025-10-21T14:48:08","date_gmt":"2025-10-21T14:48:08","guid":{"rendered":"https:\/\/www.europesays.com\/pt\/120455\/"},"modified":"2025-10-21T14:48:08","modified_gmt":"2025-10-21T14:48:08","slug":"onde-ver-o-nottingham-forest-x-fc-porto-da-europa-league","status":"publish","type":"post","link":"https:\/\/www.europesays.com\/pt\/120455\/","title":{"rendered":"Onde ver o Nottingham Forest x FC Porto da Europa League?"},"content":{"rendered":"<p>&#8211; Advertisement &#8211;<\/p>\n<p><strong>O FC Porto desloca-se ao terreno do Nottingham Forest na terceira jornada da Europa League. Drag\u00f5es s\u00f3 somam vit\u00f3rias na prova.<\/strong><\/p>\n<p>Com duas vit\u00f3rias no bolso, o FC Porto de Francesco Farioli desloca-se at\u00e9 ao terreno do Nottingham Forest na terceira jornada. Depois de Nuno Esp\u00edrito Santo e Ange Postecoglou, Sean Dyche \u00e9 o terceiro t\u00e9cnico dos tricky trees nesta \u00e9poca.<\/p>\n<p>O jogo tem transmiss\u00e3o televisiva na <strong>Sport TV 5<\/strong>, \u00e0 semelhan\u00e7a dos duelos do Benfica e do Sporting para a Champions League.<\/p>\n<p>O Nottingham Forest x FC Porto tem apito inicial marcado para as 20h de quinta-feira, 23 de outubro. <a href=\"https:\/\/bolanarede.pt\/especial-bola-na-rede\/atualidade\/eis-os-arbitros-para-os-jogos-do-fc-porto-e-do-braga-na-europa-league\/\" target=\"_blank\" rel=\"noreferrer noopener nofollow\">Radu Petrescu ser\u00e1 o \u00e1rbitro da partida. <\/a><\/p>\n","protected":false},"excerpt":{"rendered":"&#8211; Advertisement &#8211; O FC Porto desloca-se ao terreno do Nottingham Forest na terceira jornada da Europa League.&hellip;\n","protected":false},"author":2,"featured_media":120456,"comment_status":"","ping_status":"","sticky":false,"template":"","format":"standard","meta":{"footnotes":""},"categories":[87],"tags":[260,135,9925,282,1527,32,33,134],"class_list":{"0":"post-120455","1":"post","2":"type-post","3":"status-publish","4":"format-standard","5":"has-post-thumbnail","7":"category-desporto","8":"tag-atualidade","9":"tag-desporto","10":"tag-europa-league","11":"tag-fc-porto","12":"tag-nottingham-forest","13":"tag-portugal","14":"tag-pt","15":"tag-sports"},"share_on_mastodon":{"url":"https:\/\/pubeurope.com\/@pt\/115412710433002218","error":""},"_links":{"self":[{"href":"https:\/\/www.europesays.com\/pt\/wp-json\/wp\/v2\/posts\/120455","targetHints":{"allow":["GET"]}}],"collection":[{"href":"https:\/\/www.europesays.com\/pt\/wp-json\/wp\/v2\/posts"}],"about":[{"href":"https:\/\/www.europesays.com\/pt\/wp-json\/wp\/v2\/types\/post"}],"author":[{"embeddable":true,"href":"https:\/\/www.europesays.com\/pt\/wp-json\/wp\/v2\/users\/2"}],"replies":[{"embeddable":true,"href":"https:\/\/www.europesays.com\/pt\/wp-json\/wp\/v2\/comments?post=120455"}],"version-history":[{"count":0,"href":"https:\/\/www.europesays.com\/pt\/wp-json\/wp\/v2\/posts\/120455\/revisions"}],"wp:featuredmedia":[{"embeddable":true,"href":"https:\/\/www.europesays.com\/pt\/wp-json\/wp\/v2\/media\/120456"}],"wp:attachment":[{"href":"https:\/\/www.europesays.com\/pt\/wp-json\/wp\/v2\/media?parent=120455"}],"wp:term":[{"taxonomy":"category","embeddable":true,"href":"https:\/\/www.europesays.com\/pt\/wp-json\/wp\/v2\/categories?post=120455"},{"taxonomy":"post_tag","embeddable":true,"href":"https:\/\/www.europesays.com\/pt\/wp-json\/wp\/v2\/tags?post=120455"}],"curies":[{"name":"wp","href":"https:\/\/api.w.org\/{rel}","templated":true}]}}