{"id":120463,"date":"2025-10-21T14:54:12","date_gmt":"2025-10-21T14:54:12","guid":{"rendered":"https:\/\/www.europesays.com\/pt\/120463\/"},"modified":"2025-10-21T14:54:12","modified_gmt":"2025-10-21T14:54:12","slug":"russia-desmente-viagem-de-trump-e-putin-no-mesmo-aviao-para-a-hungria","status":"publish","type":"post","link":"https:\/\/www.europesays.com\/pt\/120463\/","title":{"rendered":"R\u00fassia desmente viagem de Trump e Putin no mesmo avi\u00e3o para a Hungria"},"content":{"rendered":"<p class=\"category\"><a href=\"https:\/\/sicnoticias.pt\/especiais\/guerra-russia-ucrania\" rel=\"nofollow noopener\" target=\"_blank\">Guerra R\u00fassia-Ucr\u00e2nia<\/a><\/p>\n<p>O porta-voz do Presidente da R\u00fassia diz que ainda n\u00e3o h\u00e1 uma data para o encontro entre os chefes Estado russo e norte-americano na capital da Hungria, durante o qual se esperam\u00a0solu\u00e7\u00f5es sobre a guerra na Ucr\u00e2nia.<\/p>\n<p><img decoding=\"async\" src=\"https:\/\/www.europesays.com\/pt\/wp-content\/uploads\/2025\/10\/1760803229_262_original.webp\" alt=\"R\u00fassia desmente viagem de Trump e Putin no mesmo avi\u00e3o para a Hungria\"\/><\/p>\n<p>Kevin Lamarque<\/p>\n<p><strong>A Presid\u00eancia da R\u00fassia negou esta ter\u00e7a-feira que esteja a planear uma desloca\u00e7\u00e3o do chefe de Estado russo, Vladimir Putin, e do seu hom\u00f3logo norte-americano, Donald Trump, no mesmo avi\u00e3o para um esperado <\/strong><a href=\"https:\/\/sicnoticias.pt\/especiais\/guerra-russia-ucrania\/2025-10-16-video-trump-anuncia-encontro-com-putin-em-budapeste-apos-telefonema-muito-produtivo-0817e18b\" target=\"_blank\" rel=\"noopener noreferrer nofollow\"><strong>encontro na Hungria<\/strong><\/a><strong>.<\/strong><\/p>\n<p>O porta-voz do Presidente da R\u00fassia disse que a possibilidade de uma desloca\u00e7\u00e3o dos dois chefes de Estado no mesmo avi\u00e3o <strong>&#8220;\u00e9 uma fantasia&#8221; e uma &#8220;teoria absurda&#8221;<\/strong>.<\/p>\n<p>Peskov respondia a quest\u00f5es sobre not\u00edcias que indicavam que estaria a ser<strong> preparada uma viagem de Trump e Putin no mesmo avi\u00e3o.<\/strong><\/p>\n<p>Afirmou que ainda <strong>n\u00e3o h\u00e1 uma data para o encontro <\/strong>entre os chefes Estado russo e norte-americano na capital da Hungria, durante o qual se esperam\u00a0solu\u00e7\u00f5es sobre a guerra na Ucr\u00e2nia.<\/p>\n<p>O encontro <strong>requer prepara\u00e7\u00e3o s\u00e9ria e tempo<\/strong>, disse Peskov,\u00a0frisando que s\u00e3o necess\u00e1rias\u00a0consultas e negocia\u00e7\u00f5es.<\/p>\n<p>Sobre a poss\u00edvel participa\u00e7\u00e3o dos l\u00edderes europeus na cimeira de Budapeste, Peskov afirmou que qualquer coment\u00e1rio \u00e9 prematuro, neste momento.<\/p>\n<p>O porta-voz da Presid\u00eancia da R\u00fassia reiterou que a inten\u00e7\u00e3o de Moscovo \u00e9 <strong>alcan\u00e7ar progressos no quadro de um\u00a0acordo pac\u00edfico<\/strong> para a Ucr\u00e2nia.<\/p>\n<blockquote><p>&#8220;Utilizaremos tamb\u00e9m a reuni\u00e3o para discutir as rela\u00e7\u00f5es bilaterais (com os Estados Unidos)&#8221;, adiantou.<\/p><\/blockquote>\n<p>Dmitri Peskov disse tamb\u00e9m\u00a0que o facto de ter sido<strong> escolhida a cidade de Budapeste<\/strong> como sede da reuni\u00e3o decorreu das rela\u00e7\u00f5es que Vladimir Putin e Donald Trump mant\u00eam com o primeiro-ministro h\u00fangaro, Viktor Orb\u00e1n.<\/p>\n<p>No domingo, o chefe de Estado da Ucr\u00e2nia, Volodymyr Zelensky,\u00a0disse que admite estar presente se for convidado para encontros com os hom\u00f3logos russo e norte-americano.\u00a0<\/p>\n","protected":false},"excerpt":{"rendered":"Guerra R\u00fassia-Ucr\u00e2nia O porta-voz do Presidente da R\u00fassia diz que ainda n\u00e3o h\u00e1 uma data para o encontro&hellip;\n","protected":false},"author":2,"featured_media":113867,"comment_status":"","ping_status":"","sticky":false,"template":"","format":"standard","meta":{"footnotes":""},"categories":[50],"tags":[27,28,15,16,14,25,26,21,22,62,12,13,19,20,23,24,17,18,29,30,31,63,64,65],"class_list":{"0":"post-120463","1":"post","2":"type-post","3":"status-publish","4":"format-standard","5":"has-post-thumbnail","7":"category-mundo","8":"tag-breaking-news","9":"tag-breakingnews","10":"tag-featured-news","11":"tag-featurednews","12":"tag-headlines","13":"tag-latest-news","14":"tag-latestnews","15":"tag-main-news","16":"tag-mainnews","17":"tag-mundo","18":"tag-news","19":"tag-noticias","20":"tag-noticias-principais","21":"tag-noticiasprincipais","22":"tag-principais-noticias","23":"tag-principaisnoticias","24":"tag-top-stories","25":"tag-topstories","26":"tag-ultimas","27":"tag-ultimas-noticias","28":"tag-ultimasnoticias","29":"tag-world","30":"tag-world-news","31":"tag-worldnews"},"share_on_mastodon":{"url":"https:\/\/pubeurope.com\/@pt\/115412734179004817","error":""},"_links":{"self":[{"href":"https:\/\/www.europesays.com\/pt\/wp-json\/wp\/v2\/posts\/120463","targetHints":{"allow":["GET"]}}],"collection":[{"href":"https:\/\/www.europesays.com\/pt\/wp-json\/wp\/v2\/posts"}],"about":[{"href":"https:\/\/www.europesays.com\/pt\/wp-json\/wp\/v2\/types\/post"}],"author":[{"embeddable":true,"href":"https:\/\/www.europesays.com\/pt\/wp-json\/wp\/v2\/users\/2"}],"replies":[{"embeddable":true,"href":"https:\/\/www.europesays.com\/pt\/wp-json\/wp\/v2\/comments?post=120463"}],"version-history":[{"count":0,"href":"https:\/\/www.europesays.com\/pt\/wp-json\/wp\/v2\/posts\/120463\/revisions"}],"wp:featuredmedia":[{"embeddable":true,"href":"https:\/\/www.europesays.com\/pt\/wp-json\/wp\/v2\/media\/113867"}],"wp:attachment":[{"href":"https:\/\/www.europesays.com\/pt\/wp-json\/wp\/v2\/media?parent=120463"}],"wp:term":[{"taxonomy":"category","embeddable":true,"href":"https:\/\/www.europesays.com\/pt\/wp-json\/wp\/v2\/categories?post=120463"},{"taxonomy":"post_tag","embeddable":true,"href":"https:\/\/www.europesays.com\/pt\/wp-json\/wp\/v2\/tags?post=120463"}],"curies":[{"name":"wp","href":"https:\/\/api.w.org\/{rel}","templated":true}]}}