{"id":120476,"date":"2025-10-21T15:10:10","date_gmt":"2025-10-21T15:10:10","guid":{"rendered":"https:\/\/www.europesays.com\/pt\/120476\/"},"modified":"2025-10-21T15:10:10","modified_gmt":"2025-10-21T15:10:10","slug":"campanha-de-vacinacao-antirrabica-e-de-controlo-de-outras-zoonoses-noticias-municipio","status":"publish","type":"post","link":"https:\/\/www.europesays.com\/pt\/120476\/","title":{"rendered":"Campanha de vacina\u00e7\u00e3o antirr\u00e1bica e de controlo de outras zoonoses &#8211; Not\u00edcias &#8211; Munic\u00edpio"},"content":{"rendered":"<p>\t\t\t\t\t\t\t\t\t\t\tA iniciativa destinada exclusivamente a c\u00e3es decorre at\u00e9 30 de outubro no Centro de Recolha Oficial de Animais (CRO) de Lagos, mediante marca\u00e7\u00e3o pr\u00e9via.<\/p>\n<p>A profilaxia da raiva e outras doen\u00e7as associadas podem ser transmitidas pelos animais ao homem (zoonoses), colocando em risco a sua sa\u00fade e da comunidade, raz\u00e3o pela qual \u00e9 desenvolvida esta campanha com regularidade.<\/p>\n<p>Para usufruir destes servi\u00e7os, os titulares dos animais devem fazer-se acompanhar pelos documentos do c\u00e3o(es) e Cart\u00e3o de Cidad\u00e3o. Para a a\u00e7\u00e3o, as taxas aplicadas s\u00e3o de 10 \u20ac para vacina\u00e7\u00e3o antirr\u00e1bica, 1 \u20ac para boletim sanit\u00e1rio de c\u00e3es e 2,50 \u20ac para identifica\u00e7\u00e3o eletr\u00f3nica\/registo no SIAC &#8211; Sistema de informa\u00e7\u00e3o de animais de companhia.<\/p>\n<p>A marca\u00e7\u00e3o pode ser efetuada no CRO de Lagos atrav\u00e9s dos contactos 282 780 900 ou 925 525 017, durante o hor\u00e1rio de expediente 9h00-12h00 e 13h00-16h00.<\/p>\n","protected":false},"excerpt":{"rendered":"A iniciativa destinada exclusivamente a c\u00e3es decorre at\u00e9 30 de outubro no Centro de Recolha Oficial de Animais&hellip;\n","protected":false},"author":2,"featured_media":120477,"comment_status":"","ping_status":"","sticky":false,"template":"","format":"standard","meta":{"footnotes":""},"categories":[86],"tags":[2569,3688,3686,3689,116,3687,3690,3691,32,3692,33,117,1456],"class_list":{"0":"post-120476","1":"post","2":"type-post","3":"status-publish","4":"format-standard","5":"has-post-thumbnail","7":"category-saude","8":"tag-algarve","9":"tag-balcao-virtual","10":"tag-camara-municipal-de-lagos","11":"tag-eventos-em-lagos","12":"tag-health","13":"tag-municipio-de-lagos","14":"tag-o-que-visitar","15":"tag-patrimonio-em-lagos","16":"tag-portugal","17":"tag-praias-lagos","18":"tag-pt","19":"tag-saude","20":"tag-turismo"},"share_on_mastodon":{"url":"https:\/\/pubeurope.com\/@pt\/115412796942339695","error":""},"_links":{"self":[{"href":"https:\/\/www.europesays.com\/pt\/wp-json\/wp\/v2\/posts\/120476","targetHints":{"allow":["GET"]}}],"collection":[{"href":"https:\/\/www.europesays.com\/pt\/wp-json\/wp\/v2\/posts"}],"about":[{"href":"https:\/\/www.europesays.com\/pt\/wp-json\/wp\/v2\/types\/post"}],"author":[{"embeddable":true,"href":"https:\/\/www.europesays.com\/pt\/wp-json\/wp\/v2\/users\/2"}],"replies":[{"embeddable":true,"href":"https:\/\/www.europesays.com\/pt\/wp-json\/wp\/v2\/comments?post=120476"}],"version-history":[{"count":0,"href":"https:\/\/www.europesays.com\/pt\/wp-json\/wp\/v2\/posts\/120476\/revisions"}],"wp:featuredmedia":[{"embeddable":true,"href":"https:\/\/www.europesays.com\/pt\/wp-json\/wp\/v2\/media\/120477"}],"wp:attachment":[{"href":"https:\/\/www.europesays.com\/pt\/wp-json\/wp\/v2\/media?parent=120476"}],"wp:term":[{"taxonomy":"category","embeddable":true,"href":"https:\/\/www.europesays.com\/pt\/wp-json\/wp\/v2\/categories?post=120476"},{"taxonomy":"post_tag","embeddable":true,"href":"https:\/\/www.europesays.com\/pt\/wp-json\/wp\/v2\/tags?post=120476"}],"curies":[{"name":"wp","href":"https:\/\/api.w.org\/{rel}","templated":true}]}}