{"id":120484,"date":"2025-10-21T15:14:11","date_gmt":"2025-10-21T15:14:11","guid":{"rendered":"https:\/\/www.europesays.com\/pt\/120484\/"},"modified":"2025-10-21T15:14:11","modified_gmt":"2025-10-21T15:14:11","slug":"trump-envia-j-d-vance-a-israel-para-segurar-cessar-fogo-com-hamas-medio-oriente","status":"publish","type":"post","link":"https:\/\/www.europesays.com\/pt\/120484\/","title":{"rendered":"Trump envia J.D. Vance a Israel para segurar cessar-fogo com Hamas | M\u00e9dio Oriente"},"content":{"rendered":"<p>Os <a href=\"https:\/\/www.publico.pt\/2025\/10\/19\/mundo\/noticia\/dia-acordo-cessarfogo-gaza-tremeu-2151402\" rel=\"nofollow noopener\" target=\"_blank\">epis\u00f3dios violentos em Gaza<\/a> no fim-de-semana passado demonstraram mais uma vez a fragilidade do acordo com que os Estados Unidos e aliados como o Qatar e o Egipto conseguiram comprometer o Hamas e Israel no dia 13 de Outubro.<\/p>\n<p>Apesar de ambos os lados terem garantido que est\u00e3o empenhados em manter a tr\u00e9gua na <a href=\"https:\/\/www.publico.pt\/2025\/10\/16\/mundo\/noticia\/hamas-clas-comeca-parecer-massacre-comandante-israelita-2151096\" rel=\"nofollow noopener\" target=\"_blank\">Faixa de Gaza<\/a>, a Casa Branca parece n\u00e3o querer deixar nada ao acaso.<\/p>\n<p>Donald Trump enviou para Israel o seu vice-presidente, J.D. Vance, que ir\u00e1, juntamente com o enviado especial dos EUA, Steve Witkoff, e o genro do Presidente Jared Kushner, refor\u00e7ar a ideia junto de Israel e de alguns dos mais renitentes membros do Governo de Benjamin Netanyahu de que n\u00e3o s\u00f3 o cessar-fogo tem de se aguentar como \u00e9 preciso passar oficialmente \u00e0 <a href=\"https:\/\/www.publico.pt\/2025\/10\/20\/mundo\/noticia\/witkoff-kushner-vao-israel-discutir-proxima-fase-cessarfogo-fragilizado-2151483\" rel=\"nofollow noopener\" target=\"_blank\">segunda fase do acordo<\/a>.<\/p>\n<p>Na semana passada j\u00e1 houve eco na imprensa israelita de <a href=\"https:\/\/www.publico.pt\/2025\/10\/15\/mundo\/noticia\/israel-hamas-comecam-negociacoes-segunda-fase-acordo-donald-trump-2150925\" rel=\"nofollow noopener\" target=\"_blank\">conversas preliminares<\/a> para a fase seguinte do <a href=\"https:\/\/www.publico.pt\/2025\/09\/29\/mundo\/noticia\/20-condicoes-plano-cessarfogo-trump-gaza-2149016\" rel=\"nofollow noopener\" target=\"_blank\">acordo de paz orquestrado pelos Estados Unidos<\/a>, mas o New York Times (NYT) escrevia na segunda-feira que a Administra\u00e7\u00e3o Trump estava receosa de que Netanyahu resolvesse voltar a combater o Hamas depois dos incidentes de domingo.<\/p>\n<p>Israel afirmou que um ataque do Hamas matou dois soldados das For\u00e7as de Seguran\u00e7a de Israel (IDF, na sigla em ingl\u00eas) e respondeu com ataques a\u00e9reos que mataram 45 palestinianos.<\/p>\n<p>Donald Trump disse aos jornalistas que n\u00e3o era certo que \u201ca lideran\u00e7a do Hamas tivesse sido respons\u00e1vel\u201d pela morte dos soldados e a Reuters deu conta de que os Estados Unidos for\u00e7aram <a href=\"https:\/\/www.publico.pt\/2025\/10\/17\/mundo\/noticia\/onu-avisa-vai-demorar-diminuir-fome-doencas-gaza-2151199\" rel=\"nofollow noopener\" target=\"_blank\">a entrada de ajuda humanit\u00e1ria<\/a> no enclave, depois de Israel ter dito que ia impedir a passagem de cami\u00f5es por esta alegada quebra do cessar-fogo.<\/p>\n<p>Da\u00ed que J.D. Vance tenha aterrado nesta ter\u00e7a-feira em Israel, na companhia da mulher, Usha, num momento particularmente sens\u00edvel, em que \u00e9 esperado que se comecem a discutir temas como a nova autoridade que dever\u00e1 governar Gaza, a retirada total das for\u00e7as israelitas, a desmilitariza\u00e7\u00e3o do Hamas (que o grupo islamista j\u00e1 <a href=\"https:\/\/www.publico.pt\/2025\/10\/11\/mundo\/noticia\/hamas-disposto-sair-governo-gaza-recusa-entregar-armas-2150480\" rel=\"nofollow noopener\" target=\"_blank\">disse que rejeita<\/a>) e a constitui\u00e7\u00e3o de uma for\u00e7a internacional para <a href=\"https:\/\/www.publico.pt\/2025\/09\/29\/mundo\/noticia\/20-condicoes-plano-cessarfogo-trump-gaza-2149016\" rel=\"nofollow noopener\" target=\"_blank\">estabilizar a regi\u00e3o<\/a>.<\/p>\n<p>Na segunda-feira, Netanyahu disse aos deputados do Parlamento israelita que iria discutir \u201cdesafios de seguran\u00e7a\u201d e \u201coportunidades diplom\u00e1ticas\u201d com Vance, relata o Guardian.<\/p>\n<p>O l\u00edder do Governo de Israel tamb\u00e9m revelou que as IDF lan\u00e7aram 153 toneladas de explosivos em Gaza, em resposta ao que considerou ser uma viola\u00e7\u00e3o \u201cflagrante\u201d do cessar-fogo, no domingo.<\/p>\n<p>\u201cUma das nossas m\u00e3os empunha uma arma, a outra est\u00e1 estendida em sinal de paz\u201d, afirmou Netanyahu, dizendo que \u201ca paz se faz com os fortes, n\u00e3o com os fracos\u201d e que, \u201choje, Israel est\u00e1 mais forte do que nunca\u201d.<\/p>\n<p>Na Casa Branca, o Presidente Donald Trump tamb\u00e9m avisou o Hamas de que tem de cumprir a sua parte do acordo. \u201cFizemos um acordo com o Hamas, segundo o qual eles v\u00e3o portar-se muito bem. V\u00e3o comportar-se\u201d, afirmou Trump aos jornalistas. \u201cSe n\u00e3o o fizerem, vamos l\u00e1 e vamos erradic\u00e1-los, se for preciso. Eles ser\u00e3o erradicados. E eles sabem disso\u201d, alertou.<\/p>\n<p>Segundo o NYT, que cita funcion\u00e1rios da Administra\u00e7\u00e3o Trump que falaram sob anonimato, a estrat\u00e9gia do Presidente \u00e9 que \u201co Sr. Vance, o Sr. Witkoff e o Sr. Kushner tentem impedir o Sr. Netanyahu de retomar um ataque total contra o Hamas\u201d.<\/p>\n<p>Nesta ter\u00e7a-feira, Steve Witkoff e Jared Kushner reuniram-se em Telavive com <a href=\"https:\/\/www.publico.pt\/2025\/10\/13\/mundo\/noticia\/hamas-libertou-sete-refens-2150576\" rel=\"nofollow noopener\" target=\"_blank\">os 20 ref\u00e9ns que foram libertados<\/a> no dia 13 de Outubro pelo Hamas. Recorde-se que os dois enviados de Trump foram muito aplaudidos na chamada &#8220;Pra\u00e7a dos Ref\u00e9ns&#8221;, na noite de 12 de Outubro, que antecedeu a liberta\u00e7\u00e3o dos sobreviventes, tal como o nome de Donald Trump, enquanto o de Benjamin Netanyahu foi vaiado pela assist\u00eancia.<\/p>\n<p>Na segunda-feira, em Washington, o secret\u00e1rio do Tesouro norte-americano, Scott Bessent, que recebeu um dos mais radicais ministros de Netanyahu, o ministro das Finan\u00e7as, Bezalel Smotrich (na lista negra de v\u00e1rios pa\u00edses por ter um discurso que incita \u00e0 viol\u00eancia contra os palestinianos), tamb\u00e9m fez o seu papel de diplomata para a paz.<\/p>\n<p>Num comunicado oficial, Bessent instou o seu hom\u00f3logo a \u201cabra\u00e7ar totalmente o acordo de paz hist\u00f3rico do presidente Trump\u201d e reafirmou \u201cos la\u00e7os fortes entre os Estados Unidos e Israel\u201d.<\/p>\n","protected":false},"excerpt":{"rendered":"Os epis\u00f3dios violentos em Gaza no fim-de-semana passado demonstraram mais uma vez a fragilidade do acordo com que&hellip;\n","protected":false},"author":2,"featured_media":120485,"comment_status":"","ping_status":"","sticky":false,"template":"","format":"standard","meta":{"footnotes":""},"categories":[50],"tags":[27,28,6195,92,235,257,15,16,255,14,259,25,26,21,22,432,62,12,13,19,20,23,24,17,18,29,30,31,63,64,65],"class_list":{"0":"post-120484","1":"post","2":"type-post","3":"status-publish","4":"format-standard","5":"has-post-thumbnail","7":"category-mundo","8":"tag-breaking-news","9":"tag-breakingnews","10":"tag-conflitos","11":"tag-donald-trump","12":"tag-estados-unidos","13":"tag-faixa-de-gaza","14":"tag-featured-news","15":"tag-featurednews","16":"tag-hamas","17":"tag-headlines","18":"tag-israel","19":"tag-latest-news","20":"tag-latestnews","21":"tag-main-news","22":"tag-mainnews","23":"tag-medio-oriente","24":"tag-mundo","25":"tag-news","26":"tag-noticias","27":"tag-noticias-principais","28":"tag-noticiasprincipais","29":"tag-principais-noticias","30":"tag-principaisnoticias","31":"tag-top-stories","32":"tag-topstories","33":"tag-ultimas","34":"tag-ultimas-noticias","35":"tag-ultimasnoticias","36":"tag-world","37":"tag-world-news","38":"tag-worldnews"},"share_on_mastodon":{"url":"https:\/\/pubeurope.com\/@pt\/115412812837379865","error":""},"_links":{"self":[{"href":"https:\/\/www.europesays.com\/pt\/wp-json\/wp\/v2\/posts\/120484","targetHints":{"allow":["GET"]}}],"collection":[{"href":"https:\/\/www.europesays.com\/pt\/wp-json\/wp\/v2\/posts"}],"about":[{"href":"https:\/\/www.europesays.com\/pt\/wp-json\/wp\/v2\/types\/post"}],"author":[{"embeddable":true,"href":"https:\/\/www.europesays.com\/pt\/wp-json\/wp\/v2\/users\/2"}],"replies":[{"embeddable":true,"href":"https:\/\/www.europesays.com\/pt\/wp-json\/wp\/v2\/comments?post=120484"}],"version-history":[{"count":0,"href":"https:\/\/www.europesays.com\/pt\/wp-json\/wp\/v2\/posts\/120484\/revisions"}],"wp:featuredmedia":[{"embeddable":true,"href":"https:\/\/www.europesays.com\/pt\/wp-json\/wp\/v2\/media\/120485"}],"wp:attachment":[{"href":"https:\/\/www.europesays.com\/pt\/wp-json\/wp\/v2\/media?parent=120484"}],"wp:term":[{"taxonomy":"category","embeddable":true,"href":"https:\/\/www.europesays.com\/pt\/wp-json\/wp\/v2\/categories?post=120484"},{"taxonomy":"post_tag","embeddable":true,"href":"https:\/\/www.europesays.com\/pt\/wp-json\/wp\/v2\/tags?post=120484"}],"curies":[{"name":"wp","href":"https:\/\/api.w.org\/{rel}","templated":true}]}}