{"id":120492,"date":"2025-10-21T15:22:10","date_gmt":"2025-10-21T15:22:10","guid":{"rendered":"https:\/\/www.europesays.com\/pt\/120492\/"},"modified":"2025-10-21T15:22:10","modified_gmt":"2025-10-21T15:22:10","slug":"japao-takaichi-1a-mulher-no-poder-e-fa-de-heavy-metal-21-10-2025-mundo","status":"publish","type":"post","link":"https:\/\/www.europesays.com\/pt\/120492\/","title":{"rendered":"Jap\u00e3o: Takaichi, 1\u00aa mulher no poder e f\u00e3 de heavy metal &#8211; 21\/10\/2025 &#8211; Mundo"},"content":{"rendered":"<p>Sanae Takaichi, uma conservadora convicta que admira Margaret Thatcher (1925-2013) e no passado tocou em uma banda de heavy metal,<a href=\"https:\/\/www1.folha.uol.com.br\/mundo\/2025\/10\/sanae-takaichi-e-eleita-primeira-ministra-do-japao-e-se-torna-primeira-mulher-no-cargo.shtml\" rel=\"nofollow noopener\" target=\"\"> tornou-se a primeira mulher a governar <\/a>o <a href=\"https:\/\/www1.folha.uol.com.br\/folha-topicos\/japao\/\" rel=\"nofollow noopener\" target=\"_blank\">Jap\u00e3o<\/a> nesta ter\u00e7a-feira (21), mas analistas afirmam que sua ascens\u00e3o n\u00e3o representa necessariamente uma vit\u00f3ria feminista.<\/p>\n<p>Aos 64 anos, Takaichi, que venceu neste m\u00eas a disputa pela lideran\u00e7a do governante Partido Liberal Democrata (PLD), consolidou-se como uma<a href=\"https:\/\/www1.folha.uol.com.br\/opiniao\/2025\/10\/japao-a-direita.shtml\" rel=\"nofollow noopener\" target=\"\"> linha-dura focada em defesa e seguran\u00e7a econ\u00f4mica.<\/a><\/p>\n<p>Ap\u00f3s selar<a href=\"https:\/\/www1.folha.uol.com.br\/mundo\/2025\/10\/partido-liberal-se-alia-a-sigla-conservadora-e-japao-fica-perto-de-ter-1a-lider-mulher-na-historia.shtml\" rel=\"nofollow noopener\" target=\"\"> um acordo de coaliz\u00e3o de \u00faltima hora,<\/a> Takaichi foi nomeada pelo Parlamento como a primeira mulher a chefiar o governo japon\u00eas \u2014e a quinta pessoa a ocupar o cargo em apenas cinco anos.<\/p>\n<p>Ex-ministra da Seguran\u00e7a Econ\u00f4mica, ela tem sido uma cr\u00edtica vocal da <a href=\"https:\/\/www1.folha.uol.com.br\/folha-topicos\/china\/\" rel=\"nofollow noopener\" target=\"_blank\">China<\/a> e de seu fortalecimento militar na regi\u00e3o <a href=\"https:\/\/www1.folha.uol.com.br\/folha-topicos\/asia\/\" rel=\"nofollow noopener\" target=\"_blank\">\u00c1sia<\/a>-Pac\u00edfico. Takaichi tamb\u00e9m tem demonstrado apoio a <a href=\"https:\/\/www1.folha.uol.com.br\/folha-topicos\/taiwan\/\" rel=\"nofollow noopener\" target=\"_blank\">Taiwan<\/a>, afirmando durante uma visita em abril que era crucial refor\u00e7ar a coopera\u00e7\u00e3o de seguran\u00e7a entre Taip\u00e9 e T\u00f3quio.<\/p>\n<p>Ela \u00e9 frequentadora ass\u00eddua do<a href=\"https:\/\/www1.folha.uol.com.br\/mundo\/2021\/10\/novo-premie-japones-irrita-coreia-do-sul-ao-enviar-oferenda-a-santuario-controverso.shtml\" rel=\"nofollow noopener\" target=\"\"> Santu\u00e1rio Yasukuni, que homenageia 14 condenados por crimes de guerra<\/a> no per\u00edodo imperial, al\u00e9m de 2,5 milh\u00f5es de soldados mortos. O local \u00e9 visto por pa\u00edses asi\u00e1ticos como um s\u00edmbolo do passado militarista do Jap\u00e3o.<\/p>\n<p>No entanto, ela moderou sua ret\u00f3rica em rela\u00e7\u00e3o \u00e0 China e, na semana passada, se manteve afastada de um festival no santu\u00e1rio.<\/p>\n<p>    L\u00e1 Fora<\/p>\n<p class=\"c-newsletter__subtitle\">Receba no seu email uma sele\u00e7\u00e3o semanal com o que de mais importante aconteceu no mundo<\/p>\n<p>Dama de Ferro 2.0<\/p>\n<p>Ex-baterista de uma banda de heavy metal universit\u00e1ria, Takaichi tem como \u00eddolo pol\u00edtico a primeira-ministra brit\u00e2nica <a href=\"https:\/\/www1.folha.uol.com.br\/mundo\/2025\/10\/ha-cem-anos-nascia-margaret-thatcher-paradigma-inalcancavel-dos-conservadores.shtml\" rel=\"nofollow noopener\" target=\"\">Margaret Thatcher<\/a>, que governou o Reino Unido de 1979 a 1990.<\/p>\n<p>Embora sua elei\u00e7\u00e3o represente &#8220;um avan\u00e7o na participa\u00e7\u00e3o das mulheres na pol\u00edtica&#8221;, ela mostrou pouca disposi\u00e7\u00e3o para desafiar normas patriarcais, disse \u00e0 AFP o professor em\u00e9rito da Universidade de T\u00f3quio, Sadafumi Kawato, antes da vota\u00e7\u00e3o parlamentar.<\/p>\n<p>As opini\u00f5es de Takaichi sobre g\u00eanero a colocam \u00e0 direita de um j\u00e1 conservador PLD: ela se op\u00f5e \u00e0 revis\u00e3o de uma lei do s\u00e9culo 19 que exige que casais compartilhem o mesmo sobrenome \u2014regra que, na pr\u00e1tica, faz com que a maioria das mulheres adote o nome do marido.<\/p>\n<p>Takaichi se casou duas vezes com o mesmo homem, um ex-parlamentar. Durante o primeiro casamento, ela adotou o sobrenome dele; no segundo, ele passou a usar o dela.<\/p>\n<p>A quest\u00e3o &#8220;provavelmente n\u00e3o ser\u00e1 resolvida durante seu mandato&#8221;, afirmou Kawato.<\/p>\n<p>Durante sua campanha, contudo, Takaichi prometeu melhorar o equil\u00edbrio de g\u00eanero em seu gabinete at\u00e9 atingir &#8220;n\u00edveis n\u00f3rdicos&#8221;.<\/p>\n<p>O Jap\u00e3o ficou na 118\u00aa posi\u00e7\u00e3o entre 148 pa\u00edses no Relat\u00f3rio Global de Desigualdade de G\u00eanero 2025 do F\u00f3rum Econ\u00f4mico Mundial, principalmente por causa da sub-representa\u00e7\u00e3o de mulheres no governo \u2014 enquanto <a href=\"https:\/\/www1.folha.uol.com.br\/folha-topicos\/islandia\/\" rel=\"nofollow noopener\" target=\"_blank\">Isl\u00e2ndia<\/a>, <a href=\"https:\/\/www1.folha.uol.com.br\/folha-topicos\/finlandia\/\" rel=\"nofollow noopener\" target=\"_blank\">Finl\u00e2ndia<\/a> e <a href=\"https:\/\/www1.folha.uol.com.br\/folha-topicos\/noruega\/\" rel=\"nofollow noopener\" target=\"_blank\">Noruega<\/a> ocuparam as tr\u00eas primeiras posi\u00e7\u00f5es.<\/p>\n<p>Takaichi conta com apoio fervoroso na ala conservadora do PLD e entre os seguidores do <a href=\"https:\/\/www1.folha.uol.com.br\/mundo\/2022\/07\/shinzo-abe-ex-premie-do-japao-morre-apos-ser-baleado-durante-campanha-eleitoral.shtml\" rel=\"nofollow noopener\" target=\"\">ex-primeiro-ministro Shinzo Abe, assassinado em 2022.<\/a><\/p>\n<p>Ela defende afrouxamento monet\u00e1rio e grandes gastos fiscais, ecoando as pol\u00edticas de seu mentor pol\u00edtico conhecidas como &#8220;Abenomics&#8221;, que, se forem retomadas, podem causar turbul\u00eancias nos mercados.<\/p>\n<p>A nova primeira-ministra tamb\u00e9m expressou forte preocupa\u00e7\u00e3o com o crime e a influ\u00eancia econ\u00f4mica de estrangeiros no Jap\u00e3o, defendendo regras mais r\u00edgidas \u2014uma medida que analistas interpretam como tentativa de reconquistar eleitores que migraram para <a href=\"https:\/\/www1.folha.uol.com.br\/mundo\/2025\/08\/trump-japones-lider-da-ultradireita-desponta-apos-resultado-surpreendente-em-eleicoes.shtml\" rel=\"nofollow noopener\" target=\"\">o Sanseito, um novo partido nacionalista de discurso anti-imigra\u00e7\u00e3o<\/a>.<\/p>\n<p>Sobre tarifas, ela declarou neste m\u00eas que n\u00e3o hesitar\u00e1 em pressionar por renegocia\u00e7\u00f5es com os <a href=\"https:\/\/www1.folha.uol.com.br\/folha-topicos\/estados-unidos\/\" rel=\"nofollow noopener\" target=\"_blank\">Estados Unidos<\/a> caso o acordo comercial seja implementado de maneira considerada prejudicial ou injusta para o Jap\u00e3o.<\/p>\n","protected":false},"excerpt":{"rendered":"Sanae Takaichi, uma conservadora convicta que admira Margaret Thatcher (1925-2013) e no passado tocou em uma banda de&hellip;\n","protected":false},"author":2,"featured_media":120493,"comment_status":"","ping_status":"","sticky":false,"template":"","format":"standard","meta":{"footnotes":""},"categories":[141],"tags":[367,358,92,114,115,235,445,5388,236,27965,8282,461,149,150,965,21229,32,33,2365],"class_list":{"0":"post-120492","1":"post","2":"type-post","3":"status-publish","4":"format-standard","5":"has-post-thumbnail","7":"category-musica","8":"tag-asia","9":"tag-china","10":"tag-donald-trump","11":"tag-entertainment","12":"tag-entretenimento","13":"tag-estados-unidos","14":"tag-europa","15":"tag-finlandia","16":"tag-folha","17":"tag-helsinque","18":"tag-islandia","19":"tag-japao","20":"tag-music","21":"tag-musica","22":"tag-noruega","23":"tag-oslo","24":"tag-portugal","25":"tag-pt","26":"tag-taiwan"},"share_on_mastodon":{"url":"https:\/\/pubeurope.com\/@pt\/115412844524049979","error":""},"_links":{"self":[{"href":"https:\/\/www.europesays.com\/pt\/wp-json\/wp\/v2\/posts\/120492","targetHints":{"allow":["GET"]}}],"collection":[{"href":"https:\/\/www.europesays.com\/pt\/wp-json\/wp\/v2\/posts"}],"about":[{"href":"https:\/\/www.europesays.com\/pt\/wp-json\/wp\/v2\/types\/post"}],"author":[{"embeddable":true,"href":"https:\/\/www.europesays.com\/pt\/wp-json\/wp\/v2\/users\/2"}],"replies":[{"embeddable":true,"href":"https:\/\/www.europesays.com\/pt\/wp-json\/wp\/v2\/comments?post=120492"}],"version-history":[{"count":0,"href":"https:\/\/www.europesays.com\/pt\/wp-json\/wp\/v2\/posts\/120492\/revisions"}],"wp:featuredmedia":[{"embeddable":true,"href":"https:\/\/www.europesays.com\/pt\/wp-json\/wp\/v2\/media\/120493"}],"wp:attachment":[{"href":"https:\/\/www.europesays.com\/pt\/wp-json\/wp\/v2\/media?parent=120492"}],"wp:term":[{"taxonomy":"category","embeddable":true,"href":"https:\/\/www.europesays.com\/pt\/wp-json\/wp\/v2\/categories?post=120492"},{"taxonomy":"post_tag","embeddable":true,"href":"https:\/\/www.europesays.com\/pt\/wp-json\/wp\/v2\/tags?post=120492"}],"curies":[{"name":"wp","href":"https:\/\/api.w.org\/{rel}","templated":true}]}}