{"id":120496,"date":"2025-10-21T15:24:09","date_gmt":"2025-10-21T15:24:09","guid":{"rendered":"https:\/\/www.europesays.com\/pt\/120496\/"},"modified":"2025-10-21T15:24:09","modified_gmt":"2025-10-21T15:24:09","slug":"grimaldo-recorda-tensao-com-adeptos-do-benfica-e-lembra-felix-e-enzo","status":"publish","type":"post","link":"https:\/\/www.europesays.com\/pt\/120496\/","title":{"rendered":"Grimaldo recorda tens\u00e3o com adeptos do Benfica e lembra F\u00e9lix e Enzo"},"content":{"rendered":"<p>Numa conversa num podcast, Alejandro Grimaldo passou em revista os anos no Benfica, de onde saiu no ver\u00e3o de 2023 ap\u00f3s terminar contrato.<\/p>\n<p>O agora jogador do Bayer Leverkusen recordou a forma intensa com que os adeptos vivem o clube encarnado. \u00abO Benfica \u00e9 um clube incr\u00edvel. Os adeptos apoiam-nos at\u00e9 \u00e0 morte, mas temos de render. Ou rendes ou fazem-te uma cruz. (\u2026) Lembro-me de me terem pintado a parede da minha casa depois de uma derrota. Queriam matar-me: \u00abEscreveram \u2018filho da p***\u2019 e puseram uma cara como se me fossem liquidar [risos]. Um dia mandaram uma pedrada ao autocarro e deixaram um colega meu com um monte de cortes na cara. Mas eles s\u00e3o fant\u00e1sticos: s\u00f3 aconteceu uma vez e gosto muito deles [risos]. Mas n\u00e3o me pintem a casa\u00bb, disse bem-disposto no podcast espanhol \u00abEl After de Post United.<\/p>\n<p>Grimaldo chegou ao Benfica em janeiro de 2016, tendo-se afirmado definitivamente a partir da segunda \u00e9poca. \u00abNo mercado de ver\u00e3o j\u00e1 tinha surgido a possibilidade de sair do Barcelona. Acabava contrato seis meses depois e foi melhor sair em janeiro do que no fim, porque o Bar\u00e7a n\u00e3o contava comigo para renovar e tomei a decis\u00e3o de sair do clube. Fui para o Benfica e creio que acertei em cheio no que era o melhor para o meu futuro. (\u2026) Adaptei-me rapidamente, deram-me tamb\u00e9m esse tempo para me adaptar e na temporada a seguir comecei a jogar como titular e a colher louros no clube\u00bb, lembrou.<\/p>\n<p>\u00abQuando eu cheguei, o Benfica ganhava todos os jogos. E se um sistema est\u00e1 a funcionar, n\u00e3o se muda. E eu tamb\u00e9m precisava de um per\u00edodo de adapta\u00e7\u00e3o: de conhecer os companheiros e o clube e de dar esse salto de passar de uma equipa da segunda B para uma que lutava pelo campeonato e na Champions. Creio que o Benfica fez bem em que tudo fosse progressivo\u00bb, acrescentou.<\/p>\n<p>Grimaldo recordou tamb\u00e9m a forte rivalidade com o FC Porto (\u00abmuito quente e bonita\u00bb) e as celebra\u00e7\u00f5es do t\u00edtulo. \u00ab\u00c9 incr\u00edvel. No Benfica \u00edamos para o Marqu\u00eas de Pombal. No primeiro ano em que fomos l\u00e1, estava a abarrotar. Nunca tinha visto tantas pessoas num s\u00f3 lugar na minha vida. Foi impactante.\u00bb<\/p>\n<p>E falou da boa \u00e9poca com Bruno Lage em 2018\/19, na qual alcan\u00e7ou os melhores n\u00fameros at\u00e9 superar esses registos na derradeira temporada pelas \u00e1guias com Roger Schmidt, e tamb\u00e9m de Jo\u00e3o F\u00e9lix.<\/p>\n<p>\u00abPode dizer-se que foi uma loucura pagar-se 120 milh\u00f5es por algu\u00e9m que estava h\u00e1 t\u00e3o pouco tempo na elite. Mas eu via-o a treinar e o talento que ele tinha e pareceu-me que era um pre\u00e7o muito justo. Era um jogador com um talento incr\u00edvel. Vi poucos jogadores com aquela qualidade e com aquele faro de golo e entendimento do jogo. Parecia-me ser um jogador que valia 120 milh\u00f5es de euros.\u00bb<\/p>\n<p>Na \u00faltima \u00e9poca de Grimaldo no Benfica, as \u00e1guias venderam outro jogador pela cl\u00e1usula de rescis\u00e3o: Enzo Fern\u00e1ndez ao Chelsea a meio da \u00e9poca. Um momento que considerou ter causado danos \u00e0 equipa, que estava a atravessar um grande momento a n\u00edvel nacional e tamb\u00e9m na Champions. \u00abNesse ano estivemos invictos na fase de grupos. E t\u00ednhamos o Enzo, que saiu em janeiro. E isso matou-nos. Fez-nos muito dano. Tudo passava por ele. Ele organizava tudo e isso prejudicou-nos muito, sobretudo na Champions. Para a Liga t\u00ednhamos uma grande equipa, mas na Champions era um degrau acima. Ele era um jogador diferenciado e foi complicado.\u00bb<\/p>\n<p>O futebolista de 30 anos assumiu tamb\u00e9m que ponderou renovar pelo Benfica, mas que, no fim, as conversas que foi mantendo com o compatriota Xabi Alonso o levaram a decidir dar outro rumo \u00e0 carreira.<\/p>\n<p>\u00abHouve conversas com o Benfica para renovar, mas no fim decidi sair. (\u2026) Ponderei renovar. Estava muito bem no clube, estava tudo a funcionar bem e gostava dos adeptos e do treinador. Mas o que mais me fez mudar foram as conversas que tive com o Xabi Alonso. No fim decidi ir para o Leverkusen.<\/p>\n","protected":false},"excerpt":{"rendered":"Numa conversa num podcast, Alejandro Grimaldo passou em revista os anos no Benfica, de onde saiu no ver\u00e3o&hellip;\n","protected":false},"author":2,"featured_media":120497,"comment_status":"","ping_status":"","sticky":false,"template":"","format":"standard","meta":{"footnotes":""},"categories":[87],"tags":[51,135,24353,640,14805,82,903,46,32,33,47,134],"class_list":{"0":"post-120496","1":"post","2":"type-post","3":"status-publish","4":"format-standard","5":"has-post-thumbnail","7":"category-desporto","8":"tag-benfica","9":"tag-desporto","10":"tag-enzo-fernandez","11":"tag-espanha","12":"tag-grimaldo","13":"tag-internacional","14":"tag-joao-felix","15":"tag-maisfutebol","16":"tag-portugal","17":"tag-pt","18":"tag-pura-paixao","19":"tag-sports"},"share_on_mastodon":{"url":"https:\/\/pubeurope.com\/@pt\/115412851993706294","error":""},"_links":{"self":[{"href":"https:\/\/www.europesays.com\/pt\/wp-json\/wp\/v2\/posts\/120496","targetHints":{"allow":["GET"]}}],"collection":[{"href":"https:\/\/www.europesays.com\/pt\/wp-json\/wp\/v2\/posts"}],"about":[{"href":"https:\/\/www.europesays.com\/pt\/wp-json\/wp\/v2\/types\/post"}],"author":[{"embeddable":true,"href":"https:\/\/www.europesays.com\/pt\/wp-json\/wp\/v2\/users\/2"}],"replies":[{"embeddable":true,"href":"https:\/\/www.europesays.com\/pt\/wp-json\/wp\/v2\/comments?post=120496"}],"version-history":[{"count":0,"href":"https:\/\/www.europesays.com\/pt\/wp-json\/wp\/v2\/posts\/120496\/revisions"}],"wp:featuredmedia":[{"embeddable":true,"href":"https:\/\/www.europesays.com\/pt\/wp-json\/wp\/v2\/media\/120497"}],"wp:attachment":[{"href":"https:\/\/www.europesays.com\/pt\/wp-json\/wp\/v2\/media?parent=120496"}],"wp:term":[{"taxonomy":"category","embeddable":true,"href":"https:\/\/www.europesays.com\/pt\/wp-json\/wp\/v2\/categories?post=120496"},{"taxonomy":"post_tag","embeddable":true,"href":"https:\/\/www.europesays.com\/pt\/wp-json\/wp\/v2\/tags?post=120496"}],"curies":[{"name":"wp","href":"https:\/\/api.w.org\/{rel}","templated":true}]}}