{"id":120506,"date":"2025-10-21T15:29:09","date_gmt":"2025-10-21T15:29:09","guid":{"rendered":"https:\/\/www.europesays.com\/pt\/120506\/"},"modified":"2025-10-21T15:29:09","modified_gmt":"2025-10-21T15:29:09","slug":"pergunte-as-suas-filhas-chanceler-alemao-defende-deportacoes-em-massa","status":"publish","type":"post","link":"https:\/\/www.europesays.com\/pt\/120506\/","title":{"rendered":"&#8220;Pergunte \u00e0s suas filhas&#8221;. Chanceler alem\u00e3o defende deporta\u00e7\u00f5es em massa"},"content":{"rendered":"<p>&#13;<br \/>\nO chanceler alem\u00e3o foi questionado por um jornalista, na segunda-feira, sobre se <b>mantinha as declara\u00e7\u00f5es ou pedia desculpa<\/b> por ter defendido, na semana passada, deporta\u00e7\u00f5es em larga escala nas cidades.&#13;\n<\/p>\n<p>Friedrich Merz manteve as declara\u00e7\u00f5es porque \u201ctemos de mudar alguma coisa\u201d. \u201cN\u00e3o sei se tem filhos e filhas (\u2026). Pergunte \u00e0s suas filhas, suspeito que receber\u00e1 uma resposta bastante clara. N\u00e3o tenho nada a retirar; pelo contr\u00e1rio, saliento: temos de mudar alguma coisa\u201d respondeu o chanceler.<\/p>\n<p>&#13;<br \/>\nNa semana passada, o chanceler sugeriu que a <b>diversidade em si era um problema nas cidades alem\u00e3s.<\/b>&#13;\n<\/p>\n<p>&#13;<br \/>\n\u201c\u00c9 claro que ainda temos esse <b>problema na paisagem urbana<\/b> e \u00e9 por isso que o ministro federal do Interior est\u00e1 agora a t<b>rabalhar para permitir e realizar expuls\u00f5es em grande escala<\/b>&#8220;, afirmou durante uma visita ao estado de Brandemburgo, nos arredores de Berlim.&#13;\n<\/p>\n<p>&#13;<br \/>\nOs cr\u00edticos, ent\u00e3o, acusaram o chanceler alem\u00e3o de <b>adotar uma ret\u00f3rica \u201cperigosa\u201d sobre a imigra\u00e7\u00e3o.<\/b>&#13;\n<\/p>\n<p>&#13;<br \/>\nAgora, ap\u00f3s as declara\u00e7\u00f5es de ontem, diversas vozes da oposi\u00e7\u00e3o fazem-se ouvir.\u00a0\u00a0Por exemplo, Ricarda Lang, deputada do Partido Verde, acusou Merz de <b>paternalismo<\/b> e de ignorar as reais preocupa\u00e7\u00f5es pol\u00edticas das jovens.\u00a0\u201cTalvez as \u201cfilhas\u201d tamb\u00e9m estejam fartas de Friedrich Merz s\u00f3 se preocupar com os seus direitos e seguran\u00e7a quando pode us\u00e1-los para justificar as suas pol\u00edticas completamente retr\u00f3gradas\u201d, escreveu Ricarda Lang no X.&#13;\n<\/p>\n<p>&#13;<br \/>\nTamb\u00e9m o l\u00edder dos Verdes em Brandemburgo acusou Merz de <b>alimentar o preconceito racial<\/b>. <b>\u201c\u00c9 perigoso<\/b> quando os partidos no poder tentam <b>rotular as pessoas como um problema com base na sua apar\u00eancia ou origem\u201d<\/b>, defendeu o l\u00edder dos Verdes.&#13;\n<\/p>\n<p>J\u00e1 Natalie Pawlik, do Partido Social-Democrata, parceiro minorit\u00e1rio no Governo de Merz, afirmou que \u201ca <b>migra\u00e7\u00e3o n\u00e3o deve ser estigmatizada com rea\u00e7\u00f5es simplistas ou populistas<\/b> \u2013 isso divide ainda mais a sociedade e, em \u00faltima an\u00e1lise, <b>ajuda as pessoas erradas<\/b>, em vez de promover solu\u00e7\u00f5es\u201d. Friedrich Merz assumiu o cargo de chanceler em maio com a promessa de combater a ascens\u00e3o do partido de extrema-direita (AfD).<\/p>\n<p>&#13;<br \/>\nOs resultados das elei\u00e7\u00f5es gerais de fevereiro deram ao <b>bloco conservador CDU\/CSU<\/b> do l\u00edder alem\u00e3o<b> 28,5 por cento de votos<\/b>. Enquanto o <b>AfD<\/b> conquistou um resultado <b>recorde de 20,8 por cento.<\/b>&#13;\n<\/p>\n<p>&#13;<br \/>\nDesde ent\u00e3o, a <b>extrema-direita empatou com a coliga\u00e7\u00e3o CDU\/CSU<\/b> e j\u00e1 a <b>ultrapassou em algumas sondagens<\/b>.\u00a0&#13;\n<\/p>\n<p>&#13;<br \/>\nUm <b>susto para os democratas-crist\u00e3os de Friederich Merz<\/b>, que estiveram reunidos no domingo e na segunda-feira para definir uma estrat\u00e9gia antes das cinco elei\u00e7\u00f5es estaduais do pr\u00f3ximo ano.&#13;\n<\/p>\n<p>Analistas pol\u00edticos alem\u00e3es j\u00e1 <b>alertaram que os partidos tradicionais<\/b>, como a CDU, est\u00e3o a <b>permitir que a extrema-direita defina a agenda medi\u00e1tica<\/b>. Ou seja, acabam por legitimar e disseminar involuntariamente as ideias xen\u00f3fobas e racistas do partido AfD.<\/p>\n","protected":false},"excerpt":{"rendered":"&#13; O chanceler alem\u00e3o foi questionado por um jornalista, na segunda-feira, sobre se mantinha as declara\u00e7\u00f5es ou pedia&hellip;\n","protected":false},"author":2,"featured_media":120507,"comment_status":"","ping_status":"","sticky":false,"template":"","format":"standard","meta":{"footnotes":""},"categories":[50],"tags":[19003,1305,27,28,27967,9041,15,16,8307,14,25,26,21,22,62,12,13,19,20,23,24,17,18,29,30,31,63,64,65],"class_list":{"0":"post-120506","1":"post","2":"type-post","3":"status-publish","4":"format-standard","5":"has-post-thumbnail","7":"category-mundo","8":"tag-afd","9":"tag-alemanha","10":"tag-breaking-news","11":"tag-breakingnews","12":"tag-chanceler","13":"tag-extrema-direita","14":"tag-featured-news","15":"tag-featurednews","16":"tag-friedrich-merz","17":"tag-headlines","18":"tag-latest-news","19":"tag-latestnews","20":"tag-main-news","21":"tag-mainnews","22":"tag-mundo","23":"tag-news","24":"tag-noticias","25":"tag-noticias-principais","26":"tag-noticiasprincipais","27":"tag-principais-noticias","28":"tag-principaisnoticias","29":"tag-top-stories","30":"tag-topstories","31":"tag-ultimas","32":"tag-ultimas-noticias","33":"tag-ultimasnoticias","34":"tag-world","35":"tag-world-news","36":"tag-worldnews"},"share_on_mastodon":{"url":"https:\/\/pubeurope.com\/@pt\/115412871590857481","error":""},"_links":{"self":[{"href":"https:\/\/www.europesays.com\/pt\/wp-json\/wp\/v2\/posts\/120506","targetHints":{"allow":["GET"]}}],"collection":[{"href":"https:\/\/www.europesays.com\/pt\/wp-json\/wp\/v2\/posts"}],"about":[{"href":"https:\/\/www.europesays.com\/pt\/wp-json\/wp\/v2\/types\/post"}],"author":[{"embeddable":true,"href":"https:\/\/www.europesays.com\/pt\/wp-json\/wp\/v2\/users\/2"}],"replies":[{"embeddable":true,"href":"https:\/\/www.europesays.com\/pt\/wp-json\/wp\/v2\/comments?post=120506"}],"version-history":[{"count":0,"href":"https:\/\/www.europesays.com\/pt\/wp-json\/wp\/v2\/posts\/120506\/revisions"}],"wp:featuredmedia":[{"embeddable":true,"href":"https:\/\/www.europesays.com\/pt\/wp-json\/wp\/v2\/media\/120507"}],"wp:attachment":[{"href":"https:\/\/www.europesays.com\/pt\/wp-json\/wp\/v2\/media?parent=120506"}],"wp:term":[{"taxonomy":"category","embeddable":true,"href":"https:\/\/www.europesays.com\/pt\/wp-json\/wp\/v2\/categories?post=120506"},{"taxonomy":"post_tag","embeddable":true,"href":"https:\/\/www.europesays.com\/pt\/wp-json\/wp\/v2\/tags?post=120506"}],"curies":[{"name":"wp","href":"https:\/\/api.w.org\/{rel}","templated":true}]}}