{"id":12051,"date":"2025-08-01T20:07:10","date_gmt":"2025-08-01T20:07:10","guid":{"rendered":"https:\/\/www.europesays.com\/pt\/12051\/"},"modified":"2025-08-01T20:07:10","modified_gmt":"2025-08-01T20:07:10","slug":"praca-da-matriz-recebe-feira-de-troca-de-livros-da-biblioteca-municipal","status":"publish","type":"post","link":"https:\/\/www.europesays.com\/pt\/12051\/","title":{"rendered":"PRA\u00c7A DA MATRIZ RECEBE FEIRA DE TROCA DE LIVROS DA BIBLIOTECA MUNICIPAL"},"content":{"rendered":"<p>Das 10h \u00e0s 12h deste s\u00e1bado (2\/8), a Pra\u00e7a da Matriz sediar\u00e1 a \u201cFeira de Troca de Livros\u201d, a\u00e7\u00e3o de valoriza\u00e7\u00e3o da leitura promovida pela Biblioteca Municipal \u201cBrigadeiro Jord\u00e3o\u201d, da Prefeitura de Tatu\u00ed, e parte integrante da 83\u00aa Semana Paulo Set\u00fabal e do 199\u00ba anivers\u00e1rio do munic\u00edpio.<\/p>\n<p>O evento est\u00e1 integrado \u00e0 programa\u00e7\u00e3o da Feira de Artesanato \u201cTatu\u00ed, Capital da M\u00fasica\u201d, da Associa\u00e7\u00e3o Tatuiana de Artes\u00e3os (ATA), e com o Projeto \u201cM\u00fasica na Pra\u00e7a\u201d, e tem o intuito de agregar diversas atividades de fomento \u00e0 cultura em um \u00fanico espa\u00e7o, bem como incentivar a leitura, a troca de ideias e a intera\u00e7\u00e3o entre os participantes.<\/p>\n<p>Com o slogan \u201cTraga seus livros e leve novos conhecimentos!\u201d, a a\u00e7\u00e3o permite a troca de livros em bom estado de conserva\u00e7\u00e3o, de qualquer g\u00eanero liter\u00e1rio (poesia, conto, romance, quadrinhos etc). A \u00fanica restri\u00e7\u00e3o s\u00e3o livros did\u00e1ticos e t\u00e9cnicos. Al\u00e9m disso, \u00e9 poss\u00edvel trocar jogos de tabuleiro, usados e em bom estado de conserva\u00e7\u00e3o, por livros. A organiza\u00e7\u00e3o da Feira orienta que, independentemente do t\u00edtulo do livro, a cada um exemplar ou um jogo, d\u00e1 o direito a um outro exemplar correspondente.<\/p>\n<p>A equipe da Biblioteca \u00e9 respons\u00e1vel por conduzir as trocas e garantir que todos os livros e jogos dispon\u00edveis estejam em boas condi\u00e7\u00f5es, promovendo um ambiente acolhedor e organizado para quem ama a leitura.<\/p>\n<p>\u00a0N\u00e3o perca essa chance de expandir seus horizontes liter\u00e1rios e encontrar novas aventuras em cada p\u00e1gina!<\/p>\n","protected":false},"excerpt":{"rendered":"Das 10h \u00e0s 12h deste s\u00e1bado (2\/8), a Pra\u00e7a da Matriz sediar\u00e1 a \u201cFeira de Troca de Livros\u201d,&hellip;\n","protected":false},"author":2,"featured_media":12052,"comment_status":"","ping_status":"","sticky":false,"template":"","format":"standard","meta":{"footnotes":""},"categories":[143],"tags":[169,315,539,114,115,294,170,32,33,849,1456],"class_list":{"0":"post-12051","1":"post","2":"type-post","3":"status-publish","4":"format-standard","5":"has-post-thumbnail","7":"category-livros","8":"tag-books","9":"tag-cultura","10":"tag-educacao","11":"tag-entertainment","12":"tag-entretenimento","13":"tag-lazer","14":"tag-livros","15":"tag-portugal","16":"tag-pt","17":"tag-trabalho","18":"tag-turismo"},"share_on_mastodon":{"url":"","error":""},"_links":{"self":[{"href":"https:\/\/www.europesays.com\/pt\/wp-json\/wp\/v2\/posts\/12051","targetHints":{"allow":["GET"]}}],"collection":[{"href":"https:\/\/www.europesays.com\/pt\/wp-json\/wp\/v2\/posts"}],"about":[{"href":"https:\/\/www.europesays.com\/pt\/wp-json\/wp\/v2\/types\/post"}],"author":[{"embeddable":true,"href":"https:\/\/www.europesays.com\/pt\/wp-json\/wp\/v2\/users\/2"}],"replies":[{"embeddable":true,"href":"https:\/\/www.europesays.com\/pt\/wp-json\/wp\/v2\/comments?post=12051"}],"version-history":[{"count":0,"href":"https:\/\/www.europesays.com\/pt\/wp-json\/wp\/v2\/posts\/12051\/revisions"}],"wp:featuredmedia":[{"embeddable":true,"href":"https:\/\/www.europesays.com\/pt\/wp-json\/wp\/v2\/media\/12052"}],"wp:attachment":[{"href":"https:\/\/www.europesays.com\/pt\/wp-json\/wp\/v2\/media?parent=12051"}],"wp:term":[{"taxonomy":"category","embeddable":true,"href":"https:\/\/www.europesays.com\/pt\/wp-json\/wp\/v2\/categories?post=12051"},{"taxonomy":"post_tag","embeddable":true,"href":"https:\/\/www.europesays.com\/pt\/wp-json\/wp\/v2\/tags?post=12051"}],"curies":[{"name":"wp","href":"https:\/\/api.w.org\/{rel}","templated":true}]}}