{"id":120512,"date":"2025-10-21T15:37:11","date_gmt":"2025-10-21T15:37:11","guid":{"rendered":"https:\/\/www.europesays.com\/pt\/120512\/"},"modified":"2025-10-21T15:37:11","modified_gmt":"2025-10-21T15:37:11","slug":"fonte-revela-reacao-de-justin-bieber-a-tensao-entre-selena-gomez-e-hailey-bieber-e-surpreende-ele-adora","status":"publish","type":"post","link":"https:\/\/www.europesays.com\/pt\/120512\/","title":{"rendered":"Fonte revela rea\u00e7\u00e3o de Justin Bieber a tens\u00e3o entre Selena Gomez e Hailey Bieber, e surpreende: &#8216;Ele adora&#8217;"},"content":{"rendered":"<p>                                Ler resumo <\/p>\n<p>Uma fonte revelou ao Daily Mail a suposta rea\u00e7\u00e3o de Justin Bieber \u00e0s compara\u00e7\u00f5es entre Hailey e Selena Gomez. O contato surpreendeu ao apontar um &#8220;incentivo&#8221; por parte do cantor, e entregou a postura da atriz frente \u00e0 pol\u00eamica.<\/p>\n<p>A suposta rea\u00e7\u00e3o de <a href=\"https:\/\/hugogloss.uol.com.br\/tag\/justin-bieber\" target=\"_blank\" rel=\"noopener nofollow\">Justin Bieber<\/a> \u00e0s compara\u00e7\u00f5es entre <a href=\"https:\/\/hugogloss.uol.com.br\/tag\/hailey-bieber\" target=\"_blank\" rel=\"noopener nofollow\">Hailey<\/a> e <a href=\"https:\/\/hugogloss.uol.com.br\/tag\/selena-gomez\" target=\"_blank\" rel=\"noopener nofollow\">Selena Gomez<\/a> foi revelada por uma fonte pr\u00f3xima aos artistas, nesta ter\u00e7a-feira (21). Ao Daily Mail, o contato enfatizou que o cantor sempre ir\u00e1 apoiar sua esposa, e que ele at\u00e9 gosta de ver a tens\u00e3o entre as duas.<\/p>\n<p>A testemunha acrescentou qual seria a postura de Selena diante da pol\u00eamica. \u201cEles [Hailey e Justin] querem continuar alimentando as tens\u00f5es, mas a Selena pretende ser a pessoa madura\u201d, afirmou.<\/p>\n<p>\u201cO principal objetivo de Selena agora \u00e9 n\u00e3o se preocupar com Hailey e Justin nunca mais. Eles nunca v\u00e3o ser amigos, e seria \u00f3timo se eles parassem de falar um do outro\u201d, destacou a fonte.<\/p>\n<p>Em seguida, ela compartilhou o posicionamento de Justin, que namorou Gomez de 2010 a 2018, em um relacionamento marcado por idas e vindas. Em julho do mesmo ano, o cantor ficou noivo de Hailey, e os dois se casaram em setembro de 2019.<\/p>\n<p> <img loading=\"lazy\" decoding=\"async\" class=\"size-medium wp-image-1188740 img-fluid lazy\" alt=\"\" width=\"617\" height=\"347\" src=\"https:\/\/www.europesays.com\/pt\/wp-content\/uploads\/2025\/10\/FotoJet-18-1-617x347.jpg\"  \/>As marcas de Selena e Hailey devem disputar espa\u00e7o na Sephora. (Foto: Getty; Reprodu\u00e7\u00e3o\/Instagram) Continua depois da Publicidade <\/p>\n<p>Al\u00e9m disso, deram as boas-vindas ao primeiro filho, Jack, em agosto de 2024. A estrela de \u201cOnly Murders in the Building\u201d, por sua vez, trocou as alian\u00e7as com o produtor musical <a href=\"https:\/\/hugogloss.uol.com.br\/tag\/benny-blanco\" target=\"_blank\" rel=\"noopener nofollow\">Benny Blanco<\/a> em setembro deste ano.<\/p>\n<p> \u201cO Justin confia em Hailey para dizer o que ela quiser dizer. E se ela os colocar em algum drama, ele vai estar ao lado dela, seja sobre Selena ou n\u00e3o\u201d, ressaltou o informante.<\/p>\n<p>Uma fala, por\u00e9m, acabou chamando a aten\u00e7\u00e3o. Segundo o contato, Bieber \u201cincentiva\u201d o comportamento de sua esposa e \u201cacredita que a briga p\u00fablica com Selena mostra que Hailey o ama \u2013 e ele adora isso\u201d.<\/p>\n<p> Continua depois da Publicidade <\/p>\n<p><strong>Compara\u00e7\u00f5es na web<\/strong><\/p>\n<p>Os rumores da suposta rixa entre Selena e Hailey se estende por anos, devido ao envolvimento amoroso de ambas com Justin Bieber. No entanto, as especula\u00e7\u00f5es tamb\u00e9m acabaram migrando para o lado profissional, uma vez que as duas est\u00e3o \u00e0 frente de duas marcas gigantes da beleza: a <a href=\"https:\/\/hugogloss.uol.com.br\/tag\/rare-beauty\" target=\"_blank\" rel=\"noopener nofollow\">Rare Beauty<\/a>, de Gomez, e a <a href=\"https:\/\/hugogloss.uol.com.br\/tag\/rhode\" target=\"_blank\" rel=\"noopener nofollow\">Rhode<\/a>, de Bieber.<\/p>\n<p>Em entrevista ao Wall Street Journal na \u00faltima sexta (17), <a href=\"https:\/\/hugogloss.uol.com.br\/buzz\/comportamento\/beleza\/hailey-bieber-da-resposta-afiada-apos-jornalista-questionar-sobre-comparacoes-com-selena-gomez-e-as-marcas-de-ambas\/\" target=\"_blank\" rel=\"noopener nofollow\">Hailey acabou sendo questionada sobre a concorr\u00eancia<\/a>. Foi neste contexto que o nome de Selena surgiu no papo. \u201cAcho que h\u00e1 espa\u00e7o para todo mundo\u201d, declarou. A modelo ainda destacou que sua maior rival \u00e9 ela mesma: \u201cN\u00e3o me sinto competitiva com pessoas que n\u00e3o me inspiram\u201d.<\/p>\n<p> Continua depois da Publicidade <\/p>\n<p>Indagada sobre as compara\u00e7\u00f5es entre a marca de ambas, Hailey respondeu: \u201c\u00c9 sempre irritante ser colocada em compara\u00e7\u00e3o com outras pessoas. Eu nunca pedi por isso. Quando as pessoas querem te enxergar de um determinado jeito e j\u00e1 criaram uma hist\u00f3ria sobre voc\u00ea em suas cabe\u00e7as, n\u00e3o cabe a voc\u00ea mudar isso\u201d.<\/p>\n<p><a href=\"https:\/\/hugogloss.uol.com.br\/famosos\/selena-gomez-quebra-silencio-apos-ser-mencionada-em-entrevista-de-hailey-bieber-e-faz-pedido\/\" target=\"_blank\" rel=\"noopener nofollow\">Selena tamb\u00e9m se pronunciou<\/a>, e refutou qualquer rivalidade com a empres\u00e1ria. \u201cDeixem a garota em paz. Ela pode dizer o que quiser. Isso n\u00e3o afeta a minha vida em nada. \u00c9 s\u00f3 uma quest\u00e3o de relev\u00e2ncia, n\u00e3o de intelig\u00eancia. Sejam gentis. Todas as marcas me inspiram. H\u00e1 espa\u00e7o para todos. E espero que todos possamos parar\u201d, escreveu a atriz no story do Instagram.<\/p>\n<p><strong>Veja:<\/strong><\/p>\n<p> <img loading=\"lazy\" decoding=\"async\" class=\"size-medium wp-image-1189002 img-fluid lazy\" alt=\"\" width=\"284\" height=\"499\" src=\"https:\/\/www.europesays.com\/pt\/wp-content\/uploads\/2025\/10\/Selena-Gomez-sobre-comparacoes-com-Hailey-Bieber-284x499.jpg\"  \/>Selena Gomez sobre compara\u00e7\u00f5es com Hailey Bieber (Foto: Reprodu\u00e7\u00e3o\/Instagram)                                                                    <a id=\"google-news\" class=\"google-news\" href=\"https:\/\/news.google.com\/publications\/CAAqBwgKMM6ViAswv82GAw?ceid=BR:pt-419&amp;amp;oc=3&amp;amp;hl=pt-BR&amp;amp;gl=BR\" target=\"_blank\" rel=\"nofollow noopener\"><\/p>\n<p>                                            Siga a <strong> Hugo Gloss no Google News<\/strong> e acompanhe nossos destaques<\/p>\n<p>                                    <\/a><\/p>\n","protected":false},"excerpt":{"rendered":"Ler resumo Uma fonte revelou ao Daily Mail a suposta rea\u00e7\u00e3o de Justin Bieber \u00e0s compara\u00e7\u00f5es entre Hailey&hellip;\n","protected":false},"author":2,"featured_media":120513,"comment_status":"","ping_status":"","sticky":false,"template":"","format":"standard","meta":{"footnotes":""},"categories":[141],"tags":[114,115,6637,1275,149,150,32,33,7464],"class_list":{"0":"post-120512","1":"post","2":"type-post","3":"status-publish","4":"format-standard","5":"has-post-thumbnail","7":"category-musica","8":"tag-entertainment","9":"tag-entretenimento","10":"tag-hailey-bieber","11":"tag-justin-bieber","12":"tag-music","13":"tag-musica","14":"tag-portugal","15":"tag-pt","16":"tag-selena-gomez"},"share_on_mastodon":{"url":"https:\/\/pubeurope.com\/@pt\/115412903212650609","error":""},"_links":{"self":[{"href":"https:\/\/www.europesays.com\/pt\/wp-json\/wp\/v2\/posts\/120512","targetHints":{"allow":["GET"]}}],"collection":[{"href":"https:\/\/www.europesays.com\/pt\/wp-json\/wp\/v2\/posts"}],"about":[{"href":"https:\/\/www.europesays.com\/pt\/wp-json\/wp\/v2\/types\/post"}],"author":[{"embeddable":true,"href":"https:\/\/www.europesays.com\/pt\/wp-json\/wp\/v2\/users\/2"}],"replies":[{"embeddable":true,"href":"https:\/\/www.europesays.com\/pt\/wp-json\/wp\/v2\/comments?post=120512"}],"version-history":[{"count":0,"href":"https:\/\/www.europesays.com\/pt\/wp-json\/wp\/v2\/posts\/120512\/revisions"}],"wp:featuredmedia":[{"embeddable":true,"href":"https:\/\/www.europesays.com\/pt\/wp-json\/wp\/v2\/media\/120513"}],"wp:attachment":[{"href":"https:\/\/www.europesays.com\/pt\/wp-json\/wp\/v2\/media?parent=120512"}],"wp:term":[{"taxonomy":"category","embeddable":true,"href":"https:\/\/www.europesays.com\/pt\/wp-json\/wp\/v2\/categories?post=120512"},{"taxonomy":"post_tag","embeddable":true,"href":"https:\/\/www.europesays.com\/pt\/wp-json\/wp\/v2\/tags?post=120512"}],"curies":[{"name":"wp","href":"https:\/\/api.w.org\/{rel}","templated":true}]}}