{"id":120518,"date":"2025-10-21T15:40:46","date_gmt":"2025-10-21T15:40:46","guid":{"rendered":"https:\/\/www.europesays.com\/pt\/120518\/"},"modified":"2025-10-21T15:40:46","modified_gmt":"2025-10-21T15:40:46","slug":"anvisa-aprova-uso-do-mounjaro-para-tratar-apneia-do-sono-em-pacientes-com-obesidade","status":"publish","type":"post","link":"https:\/\/www.europesays.com\/pt\/120518\/","title":{"rendered":"Anvisa aprova uso do Mounjaro para tratar apneia do sono em pacientes com obesidade"},"content":{"rendered":"<p>A Anvisa (Ag\u00eancia Nacional de Vigil\u00e2ncia Sanit\u00e1ria) autorizou o uso do Mounjaro para o tratamento da apneia do sono em adultos com obesidade, ampliando o alcance terap\u00eautico do medicamento da Eli Lilly, j\u00e1 utilizado no controle do diabetes tipo 2 e da obesidade.<\/p>\n<p>A decis\u00e3o foi publicada nesta segunda-feira (20) no Di\u00e1rio Oficial da Uni\u00e3o, ap\u00f3s assinatura da resolu\u00e7\u00e3o na sexta-feira (17). O rem\u00e9dio, cujo princ\u00edpio ativo \u00e9 a tirzepatida, continuar\u00e1 a ser vendido apenas com prescri\u00e7\u00e3o m\u00e9dica.<\/p>\n<p>Conforme a Eli Lilly, o uso da tirzepatida apresentou redu\u00e7\u00e3o significativa nos epis\u00f3dios de apneia em pacientes com obesidade. Em m\u00e9dia, os participantes dos estudos cl\u00ednicos perderam 20% do peso corporal e tiveram uma redu\u00e7\u00e3o de at\u00e9 30 interrup\u00e7\u00f5es respirat\u00f3rias por hora.<\/p>\n<p class=\"py-2\">Continua depois da publicidade<\/p>\n<p>Os testes de fase 3 mostraram que o medicamento foi cinco vezes mais eficaz que o placebo na diminui\u00e7\u00e3o das pausas respirat\u00f3rias em pacientes que n\u00e3o utilizavam o CPAP \u2014 aparelho de press\u00e3o positiva cont\u00ednua usado para manter as vias a\u00e9reas abertas durante o sono.<\/p>\n<p>Apneia do sono<\/p>\n<p>A apneia obstrutiva do sono \u00e9 um dist\u00farbio caracterizado por paradas repetidas da respira\u00e7\u00e3o durante o sono, decorrentes de bloqueio parcial ou total das vias respirat\u00f3rias.<\/p>\n<p>Essas interrup\u00e7\u00f5es podem durar alguns segundos e se repetir dezenas de vezes por hora, causando queda na oxigena\u00e7\u00e3o, cansa\u00e7o diurno e aumento do risco cardiovascular.<\/p>\n<p>Entre os principais fatores de risco est\u00e3o a obesidade, o envelhecimento, o consumo de \u00e1lcool e altera\u00e7\u00f5es anat\u00f4micas como am\u00edgdalas grandes ou queixo retra\u00eddo.<\/p>\n<p>Novo nicho<\/p>\n<p>A aprova\u00e7\u00e3o marca mais um passo da Eli Lilly na expans\u00e3o de indica\u00e7\u00f5es cl\u00ednicas da tirzepatida, concorrente direta da semaglutida (presente em medicamentos como Ozempic e Wegovy, da Novo Nordisk).<\/p>\n<p>O rem\u00e9dio \u00e9 apontado como uma das apostas mais promissoras da farmac\u00eautica, com potencial para movimentar bilh\u00f5es de d\u00f3lares no mercado global de terapias metab\u00f3licas.<\/p>\n<p class=\"py-2\">Continua depois da publicidade<\/p>\n","protected":false},"excerpt":{"rendered":"A Anvisa (Ag\u00eancia Nacional de Vigil\u00e2ncia Sanit\u00e1ria) autorizou o uso do Mounjaro para o tratamento da apneia do&hellip;\n","protected":false},"author":2,"featured_media":120519,"comment_status":"","ping_status":"","sticky":false,"template":"","format":"standard","meta":{"footnotes":""},"categories":[86],"tags":[1026,319,116,4123,32,33,117,536],"class_list":{"0":"post-120518","1":"post","2":"type-post","3":"status-publish","4":"format-standard","5":"has-post-thumbnail","7":"category-saude","8":"tag-emagrecimento","9":"tag-hard-news","10":"tag-health","11":"tag-mounjaro","12":"tag-portugal","13":"tag-pt","14":"tag-saude","15":"tag-sono"},"share_on_mastodon":{"url":"https:\/\/pubeurope.com\/@pt\/115412914925019098","error":""},"_links":{"self":[{"href":"https:\/\/www.europesays.com\/pt\/wp-json\/wp\/v2\/posts\/120518","targetHints":{"allow":["GET"]}}],"collection":[{"href":"https:\/\/www.europesays.com\/pt\/wp-json\/wp\/v2\/posts"}],"about":[{"href":"https:\/\/www.europesays.com\/pt\/wp-json\/wp\/v2\/types\/post"}],"author":[{"embeddable":true,"href":"https:\/\/www.europesays.com\/pt\/wp-json\/wp\/v2\/users\/2"}],"replies":[{"embeddable":true,"href":"https:\/\/www.europesays.com\/pt\/wp-json\/wp\/v2\/comments?post=120518"}],"version-history":[{"count":0,"href":"https:\/\/www.europesays.com\/pt\/wp-json\/wp\/v2\/posts\/120518\/revisions"}],"wp:featuredmedia":[{"embeddable":true,"href":"https:\/\/www.europesays.com\/pt\/wp-json\/wp\/v2\/media\/120519"}],"wp:attachment":[{"href":"https:\/\/www.europesays.com\/pt\/wp-json\/wp\/v2\/media?parent=120518"}],"wp:term":[{"taxonomy":"category","embeddable":true,"href":"https:\/\/www.europesays.com\/pt\/wp-json\/wp\/v2\/categories?post=120518"},{"taxonomy":"post_tag","embeddable":true,"href":"https:\/\/www.europesays.com\/pt\/wp-json\/wp\/v2\/tags?post=120518"}],"curies":[{"name":"wp","href":"https:\/\/api.w.org\/{rel}","templated":true}]}}