{"id":120526,"date":"2025-10-21T15:49:10","date_gmt":"2025-10-21T15:49:10","guid":{"rendered":"https:\/\/www.europesays.com\/pt\/120526\/"},"modified":"2025-10-21T15:49:10","modified_gmt":"2025-10-21T15:49:10","slug":"israel-dispara-contra-pescadores-palestinianos-em-gaza","status":"publish","type":"post","link":"https:\/\/www.europesays.com\/pt\/120526\/","title":{"rendered":"Israel dispara contra pescadores palestinianos em Gaza"},"content":{"rendered":"<p>A Marinha israelita disparou, esta ter\u00e7a-feira, contra um navio pesqueiro e deteve tr\u00eas ocupantes palestinianos, ao largo da cidade de Gaza. \u00a0<\/p>\n<p>De acordo com o chefe da associa\u00e7\u00e3o de pescadores do enclave, Zakaria Baker, citado pela\u00a0ag\u00eancia de not\u00edcias espanhola EFE, os pescadores foram intercetados por \u2018patrulh\u00f5es\u2019 das For\u00e7as da Defesa de Israel (IDF). \u00a0N\u00e3o se sabe se o ataque fez v\u00edtimas mortais ou feridos. \u00a0<\/p>\n<p>Por sua vez, a ag\u00eancia noticiosa palestiniana Wafa relatou que militares israelitas levam, diariamente, a cabo a\u00e7\u00f5es semelhantes contra pescadores locais em Gaza. \u00a0<\/p>\n<p>Tamb\u00e9m hoje, a Comiss\u00e3o Europeia disse que situa\u00e7\u00e3o humanit\u00e1ria na Faixa de Gaza \u201ccontinua a ser catastr\u00f3fica\u201d.\u00a0<\/p>\n<p>Apesar de haver \u201csinais promissores com a liberta\u00e7\u00e3o de ref\u00e9ns e de prisioneiros pol\u00edticos\u201d, na sequ\u00eancia do cessar-fogo entre Israel e o Hamas, \u201cn\u00e3o h\u00e1 progressos tang\u00edveis\u201d noutras partes do acordo, disse a comiss\u00e1ria para o Mediterr\u00e2neo, Dubravka Suica, durante um debate no Parlamento Europeu, em Estrasburgo, em Fran\u00e7a.\u00a0<\/p>\n","protected":false},"excerpt":{"rendered":"A Marinha israelita disparou, esta ter\u00e7a-feira, contra um navio pesqueiro e deteve tr\u00eas ocupantes palestinianos, ao largo da&hellip;\n","protected":false},"author":2,"featured_media":120527,"comment_status":"","ping_status":"","sticky":false,"template":"","format":"standard","meta":{"footnotes":""},"categories":[50],"tags":[27,28,15,16,532,830,255,14,259,25,26,21,22,62,12,13,19,20,23,24,17,18,29,30,31,63,64,65],"class_list":{"0":"post-120526","1":"post","2":"type-post","3":"status-publish","4":"format-standard","5":"has-post-thumbnail","7":"category-mundo","8":"tag-breaking-news","9":"tag-breakingnews","10":"tag-featured-news","11":"tag-featurednews","12":"tag-gaza","13":"tag-guerra","14":"tag-hamas","15":"tag-headlines","16":"tag-israel","17":"tag-latest-news","18":"tag-latestnews","19":"tag-main-news","20":"tag-mainnews","21":"tag-mundo","22":"tag-news","23":"tag-noticias","24":"tag-noticias-principais","25":"tag-noticiasprincipais","26":"tag-principais-noticias","27":"tag-principaisnoticias","28":"tag-top-stories","29":"tag-topstories","30":"tag-ultimas","31":"tag-ultimas-noticias","32":"tag-ultimasnoticias","33":"tag-world","34":"tag-world-news","35":"tag-worldnews"},"share_on_mastodon":{"url":"https:\/\/pubeurope.com\/@pt\/115412950210112384","error":""},"_links":{"self":[{"href":"https:\/\/www.europesays.com\/pt\/wp-json\/wp\/v2\/posts\/120526","targetHints":{"allow":["GET"]}}],"collection":[{"href":"https:\/\/www.europesays.com\/pt\/wp-json\/wp\/v2\/posts"}],"about":[{"href":"https:\/\/www.europesays.com\/pt\/wp-json\/wp\/v2\/types\/post"}],"author":[{"embeddable":true,"href":"https:\/\/www.europesays.com\/pt\/wp-json\/wp\/v2\/users\/2"}],"replies":[{"embeddable":true,"href":"https:\/\/www.europesays.com\/pt\/wp-json\/wp\/v2\/comments?post=120526"}],"version-history":[{"count":0,"href":"https:\/\/www.europesays.com\/pt\/wp-json\/wp\/v2\/posts\/120526\/revisions"}],"wp:featuredmedia":[{"embeddable":true,"href":"https:\/\/www.europesays.com\/pt\/wp-json\/wp\/v2\/media\/120527"}],"wp:attachment":[{"href":"https:\/\/www.europesays.com\/pt\/wp-json\/wp\/v2\/media?parent=120526"}],"wp:term":[{"taxonomy":"category","embeddable":true,"href":"https:\/\/www.europesays.com\/pt\/wp-json\/wp\/v2\/categories?post=120526"},{"taxonomy":"post_tag","embeddable":true,"href":"https:\/\/www.europesays.com\/pt\/wp-json\/wp\/v2\/tags?post=120526"}],"curies":[{"name":"wp","href":"https:\/\/api.w.org\/{rel}","templated":true}]}}