{"id":120543,"date":"2025-10-21T16:09:10","date_gmt":"2025-10-21T16:09:10","guid":{"rendered":"https:\/\/www.europesays.com\/pt\/120543\/"},"modified":"2025-10-21T16:09:10","modified_gmt":"2025-10-21T16:09:10","slug":"polonia-ameaca-prender-putin-se-sobrevoar-espaco-aereo-a-caminho-da-hungria","status":"publish","type":"post","link":"https:\/\/www.europesays.com\/pt\/120543\/","title":{"rendered":"Pol\u00f3nia amea\u00e7a prender Putin se sobrevoar espa\u00e7o a\u00e9reo a caminho da Hungria"},"content":{"rendered":"<p>                    Na semana passada, o presidente dos Estados Unidos afirmou que planeava encontrar-se com o hom\u00f3logo russo na capital h\u00fangara como para dos esfor\u00e7os para intermediar o fim da guerra no leste da Europa.<\/p>\n<p>A escolha de Budapeste como sede para o encontro entre Putin e Trump \u00e9 controversa para os pa\u00edses da Uni\u00e3o Europeia, onde o primeiro-ministro h\u00fangaro \u00e9 um caso \u00e0 parte, sendo um dos poucos l\u00edderes a manter rela\u00e7\u00f5es amistosas com a R\u00fassia ap\u00f3s a invas\u00e3o da Ucr\u00e2nia em 2022.<\/p>\n<p><b>Qualquer viagem a Budapeste pode exigir que Putin sobrevoe o espa\u00e7o a\u00e9reo de outros pa\u00edses da Uni\u00e3o Europeia, incluindo a Pol\u00f3nia que j\u00e1 manifestou, esta ter\u00e7a-feira, que pode for\u00e7ar avi\u00e3o de Putin a aterrar e prend\u00ea-lo com base num mandado internacional se ele sobrevoa territ\u00f3rio polaco. <\/b><\/p>\n<p><b>\u201cN\u00e3o posso garantir que um tribunal polaco independente n\u00e3o ordene ao Governo que escolte o avi\u00e3o para entregar o suspeito ao tribunal em Haia\u201d,<\/b> afirmou o ministro polaco dos Neg\u00f3cios Estrangeiros, Rados\u0142aw Sikorski<\/p>\n<p><b>\u201cE, portanto, se essa cimeira for realizada, esperemos que com a participa\u00e7\u00e3o do alvo, o avi\u00e3o utilize uma rota diferente\u201d.<\/b><\/p>\n<p>Contudo, a Bulg\u00e1ria afirmou que Putin podia usar espa\u00e7o a\u00e9reo b\u00falgaro para chegar \u00e0 reuni\u00e3o. <\/p>\n<p>Putin \u00e9 procurado pelo Tribunal Penal Internacional (TPI) desde 2023 pelas deporta\u00e7\u00f5es ilegais de crian\u00e7as ucranianas para a R\u00fassia.  Budapeste prometeu passagem segura para o presidente russo, apesar do mandado de pris\u00e3o do TPI, que obriga os membros a det\u00ea-lo no seu territ\u00f3rio. &#13;<\/p>\n","protected":false},"excerpt":{"rendered":"Na semana passada, o presidente dos Estados Unidos afirmou que planeava encontrar-se com o hom\u00f3logo russo na capital&hellip;\n","protected":false},"author":2,"featured_media":120544,"comment_status":"","ping_status":"","sticky":false,"template":"","format":"standard","meta":{"footnotes":""},"categories":[50],"tags":[27,28,15,16,14,25,26,21,22,62,12,13,19,20,23,24,420,421,17,18,29,30,31,63,64,65],"class_list":{"0":"post-120543","1":"post","2":"type-post","3":"status-publish","4":"format-standard","5":"has-post-thumbnail","7":"category-mundo","8":"tag-breaking-news","9":"tag-breakingnews","10":"tag-featured-news","11":"tag-featurednews","12":"tag-headlines","13":"tag-latest-news","14":"tag-latestnews","15":"tag-main-news","16":"tag-mainnews","17":"tag-mundo","18":"tag-news","19":"tag-noticias","20":"tag-noticias-principais","21":"tag-noticiasprincipais","22":"tag-principais-noticias","23":"tag-principaisnoticias","24":"tag-rtp","25":"tag-rtp-noticias","26":"tag-top-stories","27":"tag-topstories","28":"tag-ultimas","29":"tag-ultimas-noticias","30":"tag-ultimasnoticias","31":"tag-world","32":"tag-world-news","33":"tag-worldnews"},"share_on_mastodon":{"url":"https:\/\/pubeurope.com\/@pt\/115413028888149720","error":""},"_links":{"self":[{"href":"https:\/\/www.europesays.com\/pt\/wp-json\/wp\/v2\/posts\/120543","targetHints":{"allow":["GET"]}}],"collection":[{"href":"https:\/\/www.europesays.com\/pt\/wp-json\/wp\/v2\/posts"}],"about":[{"href":"https:\/\/www.europesays.com\/pt\/wp-json\/wp\/v2\/types\/post"}],"author":[{"embeddable":true,"href":"https:\/\/www.europesays.com\/pt\/wp-json\/wp\/v2\/users\/2"}],"replies":[{"embeddable":true,"href":"https:\/\/www.europesays.com\/pt\/wp-json\/wp\/v2\/comments?post=120543"}],"version-history":[{"count":0,"href":"https:\/\/www.europesays.com\/pt\/wp-json\/wp\/v2\/posts\/120543\/revisions"}],"wp:featuredmedia":[{"embeddable":true,"href":"https:\/\/www.europesays.com\/pt\/wp-json\/wp\/v2\/media\/120544"}],"wp:attachment":[{"href":"https:\/\/www.europesays.com\/pt\/wp-json\/wp\/v2\/media?parent=120543"}],"wp:term":[{"taxonomy":"category","embeddable":true,"href":"https:\/\/www.europesays.com\/pt\/wp-json\/wp\/v2\/categories?post=120543"},{"taxonomy":"post_tag","embeddable":true,"href":"https:\/\/www.europesays.com\/pt\/wp-json\/wp\/v2\/tags?post=120543"}],"curies":[{"name":"wp","href":"https:\/\/api.w.org\/{rel}","templated":true}]}}