{"id":120547,"date":"2025-10-21T16:13:08","date_gmt":"2025-10-21T16:13:08","guid":{"rendered":"https:\/\/www.europesays.com\/pt\/120547\/"},"modified":"2025-10-21T16:13:08","modified_gmt":"2025-10-21T16:13:08","slug":"artista-italiano-vende-escultura-de-ar-e-espirito-por-r-90-mil-em-leilao","status":"publish","type":"post","link":"https:\/\/www.europesays.com\/pt\/120547\/","title":{"rendered":"Artista italiano vende escultura &#8220;de ar e esp\u00edrito&#8221; por R$ 90 mil em leil\u00e3o"},"content":{"rendered":"<p>Quando crian\u00e7a, voc\u00ea talvez j\u00e1 tenha ouvido aquele conto de fadas da roupa do rei, em que um rei compra um roupa (que n\u00e3o existe) sob o argumento do costureiro de que se tratava de uma roupa invis\u00edvel, que podia ser vista apenas pelos inteligentes. Pois bem. A hist\u00f3ria da escultura do artista italiano Salvatore Garau, vendida por impressionantes US$ 18 mil, cerca de R$ 90 mil, em um leil\u00e3o, lembra muito esse conto.<\/p>\n<p>A escultura invis\u00edvel do italiano Salvatore Garau<\/p>\n<p>E \u00e9 exatamente isso que voc\u00ea leu. O artista \u201cfez\u201d uma escultura invis\u00edvel nomeado \u201cIo sono\u201d (\u201cEu sou\u201d). Segundo Garau, a escultura precisa ser guardada em uma sala com cerca de 150\u00d7150 cm, o espa\u00e7o ocupado pela \u201cenergia\u201d da obra. De acordo com mat\u00e9ria do TEMPO, o comprador que levou a obra no leil\u00e3o ficou com um documento para comprovar essa posse\u2026 de uma escultura invis\u00edvel. <\/p>\n<p>\u201cO \u00eaxito do leil\u00e3o atesta um fato irrefut\u00e1vel: o vazio n\u00e3o \u00e9 mais do que um espa\u00e7o cheio de energia. O vazio tem uma energia que se condensa e se transforma em part\u00edculas, em suma, em n\u00f3s! Quando eu decidir exibir uma escultura imaterial num determinado espa\u00e7o, esse espa\u00e7o ir\u00e1 concentrar uma certa quantidade e densidade de pensamentos criando uma escultura que assumir\u00e1 as mais variadas formas\u201d, declarou o artista italiano em entrevista ao Diario AS.<\/p>\n<p>N\u00e3o \u00e9 nem a primeira vez que o italiano apresenta obras invis\u00edveis. Em Mil\u00e3o, na It\u00e1lia, ele exp\u00f4s o \u201cBuda em Contempla\u00e7\u00e3o\u201d, uma escultura invis\u00edvel que contava com uma fita branca no ch\u00e3o para delimitar o local da \u201cenergia\u201d da obra.<\/p>\n<blockquote class=\"instagram-media\" data-instgrm-captioned=\"\" data-instgrm-permalink=\"https:\/\/www.instagram.com\/p\/CO8mtPMKJiN\/?utm_source=ig_embed&amp;utm_campaign=loading\" data-instgrm-version=\"14\" style=\"background:#FFF;border:0;border-radius:3px;margin: 1px;max-width:540px;min-width:326px;padding:0;width:99.375%;width:-webkit-calc(100% - 2px);width:calc(100% - 2px)\"\/>\n<p>\t\t\t\t\t\t\t\t\t\t\t\t\t\t\t<script async src=\"\/\/www.instagram.com\/embed.js\"><\/script><\/p>\n","protected":false},"excerpt":{"rendered":"Quando crian\u00e7a, voc\u00ea talvez j\u00e1 tenha ouvido aquele conto de fadas da roupa do rei, em que um&hellip;\n","protected":false},"author":2,"featured_media":120548,"comment_status":"","ping_status":"","sticky":false,"template":"","format":"standard","meta":{"footnotes":""},"categories":[144],"tags":[207,205,206,203,201,202,204,114,115,32,33],"class_list":{"0":"post-120547","1":"post","2":"type-post","3":"status-publish","4":"format-standard","5":"has-post-thumbnail","7":"category-arte-e-design","8":"tag-arte","9":"tag-arte-e-design","10":"tag-artedesign","11":"tag-arts","12":"tag-arts-and-design","13":"tag-artsanddesign","14":"tag-design","15":"tag-entertainment","16":"tag-entretenimento","17":"tag-portugal","18":"tag-pt"},"share_on_mastodon":{"url":"","error":""},"_links":{"self":[{"href":"https:\/\/www.europesays.com\/pt\/wp-json\/wp\/v2\/posts\/120547","targetHints":{"allow":["GET"]}}],"collection":[{"href":"https:\/\/www.europesays.com\/pt\/wp-json\/wp\/v2\/posts"}],"about":[{"href":"https:\/\/www.europesays.com\/pt\/wp-json\/wp\/v2\/types\/post"}],"author":[{"embeddable":true,"href":"https:\/\/www.europesays.com\/pt\/wp-json\/wp\/v2\/users\/2"}],"replies":[{"embeddable":true,"href":"https:\/\/www.europesays.com\/pt\/wp-json\/wp\/v2\/comments?post=120547"}],"version-history":[{"count":0,"href":"https:\/\/www.europesays.com\/pt\/wp-json\/wp\/v2\/posts\/120547\/revisions"}],"wp:featuredmedia":[{"embeddable":true,"href":"https:\/\/www.europesays.com\/pt\/wp-json\/wp\/v2\/media\/120548"}],"wp:attachment":[{"href":"https:\/\/www.europesays.com\/pt\/wp-json\/wp\/v2\/media?parent=120547"}],"wp:term":[{"taxonomy":"category","embeddable":true,"href":"https:\/\/www.europesays.com\/pt\/wp-json\/wp\/v2\/categories?post=120547"},{"taxonomy":"post_tag","embeddable":true,"href":"https:\/\/www.europesays.com\/pt\/wp-json\/wp\/v2\/tags?post=120547"}],"curies":[{"name":"wp","href":"https:\/\/api.w.org\/{rel}","templated":true}]}}