{"id":120568,"date":"2025-10-21T16:23:08","date_gmt":"2025-10-21T16:23:08","guid":{"rendered":"https:\/\/www.europesays.com\/pt\/120568\/"},"modified":"2025-10-21T16:23:08","modified_gmt":"2025-10-21T16:23:08","slug":"cocaina-no-valor-de-128-milhoes-de-euros-apreendida-ao-largo-da-madeira","status":"publish","type":"post","link":"https:\/\/www.europesays.com\/pt\/120568\/","title":{"rendered":"Coca\u00edna no valor de 128 milh\u00f5es de euros apreendida ao largo da Madeira"},"content":{"rendered":"<p>De acordo com a Marinha francesa, que realizou a opera\u00e7\u00e3o em articula\u00e7\u00e3o com as autoridades portuguesas, a coca\u00edna era transportada numa potente narcolancha, monitorizada atrav\u00e9s de um avi\u00e3o de vigil\u00e2ncia mar\u00edtimo, de uma fragata e de um helic\u00f3ptero.<\/p>\n<p data-remotead-prev-elm=\"true\" data-remotead-elm-id=\"inread\">Os militares tiveram de usar a for\u00e7a para travar os traficantes, que tentaram fugir quando se aperceberam da presen\u00e7a das autoridades. Pelo que o JN apurou, os operacionais tiveram de disparar contra o motor da narcolancha para a travar.<\/p>\n","protected":false},"excerpt":{"rendered":"De acordo com a Marinha francesa, que realizou a opera\u00e7\u00e3o em articula\u00e7\u00e3o com as autoridades portuguesas, a coca\u00edna&hellip;\n","protected":false},"author":2,"featured_media":120569,"comment_status":"","ping_status":"","sticky":false,"template":"","format":"standard","meta":{"footnotes":""},"categories":[50],"tags":[27,28,19764,15,16,14,603,25,26,1301,21,22,62,12,13,19,20,23,24,17,18,27969,2953,29,30,31,63,64,65],"class_list":{"0":"post-120568","1":"post","2":"type-post","3":"status-publish","4":"format-standard","5":"has-post-thumbnail","7":"category-mundo","8":"tag-breaking-news","9":"tag-breakingnews","10":"tag-cocaina","11":"tag-featured-news","12":"tag-featurednews","13":"tag-headlines","14":"tag-justica","15":"tag-latest-news","16":"tag-latestnews","17":"tag-madeira","18":"tag-main-news","19":"tag-mainnews","20":"tag-mundo","21":"tag-news","22":"tag-noticias","23":"tag-noticias-principais","24":"tag-noticiasprincipais","25":"tag-principais-noticias","26":"tag-principaisnoticias","27":"tag-top-stories","28":"tag-topstories","29":"tag-trafico","30":"tag-trafico-de-droga","31":"tag-ultimas","32":"tag-ultimas-noticias","33":"tag-ultimasnoticias","34":"tag-world","35":"tag-world-news","36":"tag-worldnews"},"share_on_mastodon":{"url":"https:\/\/pubeurope.com\/@pt\/115413084128349651","error":""},"_links":{"self":[{"href":"https:\/\/www.europesays.com\/pt\/wp-json\/wp\/v2\/posts\/120568","targetHints":{"allow":["GET"]}}],"collection":[{"href":"https:\/\/www.europesays.com\/pt\/wp-json\/wp\/v2\/posts"}],"about":[{"href":"https:\/\/www.europesays.com\/pt\/wp-json\/wp\/v2\/types\/post"}],"author":[{"embeddable":true,"href":"https:\/\/www.europesays.com\/pt\/wp-json\/wp\/v2\/users\/2"}],"replies":[{"embeddable":true,"href":"https:\/\/www.europesays.com\/pt\/wp-json\/wp\/v2\/comments?post=120568"}],"version-history":[{"count":0,"href":"https:\/\/www.europesays.com\/pt\/wp-json\/wp\/v2\/posts\/120568\/revisions"}],"wp:featuredmedia":[{"embeddable":true,"href":"https:\/\/www.europesays.com\/pt\/wp-json\/wp\/v2\/media\/120569"}],"wp:attachment":[{"href":"https:\/\/www.europesays.com\/pt\/wp-json\/wp\/v2\/media?parent=120568"}],"wp:term":[{"taxonomy":"category","embeddable":true,"href":"https:\/\/www.europesays.com\/pt\/wp-json\/wp\/v2\/categories?post=120568"},{"taxonomy":"post_tag","embeddable":true,"href":"https:\/\/www.europesays.com\/pt\/wp-json\/wp\/v2\/tags?post=120568"}],"curies":[{"name":"wp","href":"https:\/\/api.w.org\/{rel}","templated":true}]}}