{"id":120570,"date":"2025-10-21T16:24:11","date_gmt":"2025-10-21T16:24:11","guid":{"rendered":"https:\/\/www.europesays.com\/pt\/120570\/"},"modified":"2025-10-21T16:24:11","modified_gmt":"2025-10-21T16:24:11","slug":"sete-feridos-em-ataque-com-faca-em-santarem-observador","status":"publish","type":"post","link":"https:\/\/www.europesays.com\/pt\/120570\/","title":{"rendered":"Sete feridos em ataque com faca em Santar\u00e9m \u2013 Observador"},"content":{"rendered":"<p>Um homem esfaqueou cinco pessoas e feriu outras duas num centro de tratamento de toxicodepend\u00eancia em Almoster, Santar\u00e9m, esta ter\u00e7a-feira ao in\u00edcio da tarde, confirmou o Observador junto a fonte da GNR de Santar\u00e9m. O ataque deixou dois feridos graves.O agressor,um homem de 25 anos, foi entretanto detido pela GNR.<\/p>\n<p>O esfaqueamento ocorreu na associa\u00e7\u00e3o Picapau, em Almoster, perto de Santar\u00e9m, onde o homem agrediu v\u00e1rias pessoas com uma \u201carma branca\u201d. O alerta foi dado \u00e0s 14h35, tendo sido deslocadas para o local elementos da GNR, operacionais dos bombeiros, um helic\u00f3ptero do INEM e a VMER do hospital de Santar\u00e9m, para onde ter\u00e1 sido transportado um dos feridos graves, confirmou o Observador junto do Comando Sub-regional de Emerg\u00eancia e Prote\u00e7\u00e3o Civil da Lez\u00edria do Tejo. De acordo com a GNR, o outro ferido grave foi transportado para o hospital de Vila Franca de Xira. O esfaqueamento foi tratado como \u201cincidente t\u00e1tico-policial\u201d pela GNR. Outras duas pessoas ficaram feridas mas n\u00e3o foram esfaqueadas: uma delas foi agredida com pontap\u00e9s e a outra foi v\u00edtima de doen\u00e7a s\u00fabita.<\/p>\n<p>Em declara\u00e7\u00f5es \u00e0 CMTV, Filipe Almeirante, dos Bombeiros Sapadores de Santar\u00e9m, confirmou que foram chamados ao local para atender uma ocorr\u00eancia de \u201cum individuo que estava a agredir os utentes com armas brancas\u201d. \u201cDeparamo-nos com um cen\u00e1rio de v\u00edtimas ca\u00eddas no ch\u00e3o, um total de oito v\u00edtimas\u201d, revela, sendo que uma delas era o pr\u00f3prio agressor, um homem de 25 anos. Dos sete feridos, cinco deles foram esfaqueados, com golpes no \u201ct\u00f3rax, abd\u00f3men e membros superiores\u201d. O bombeiro confirma que um ferido grave foi transportado para o Hospital de Santar\u00e9m, sem acompanhamento m\u00e9dico, e n\u00e3o est\u00e1 em situa\u00e7\u00e3o cr\u00edtica. Entretanto, outro ferido grave foi transportado para o Hospital de Vila Franca de Xira com acompanhamento m\u00e9dico. De acordo com o membro dos Bombeiros Sapadores uma das v\u00edtimas teve o seu estado cl\u00ednico agravado e foi transportada para o Hospital de Santar\u00e9m.<\/p>\n<p>\u00c0 CMTV, uma residente da zona onde fica o centro de tratamento diz que estava a passar na rua e foi abordada por um senhor que pedia socorro. \u201cPediu para ligar para o 112, que havia seis esfaqueados\u201d, disse a mulher, que afirma ter chamado a pol\u00edcia por volta das 14h30. \u201cEste senhor n\u00e3o tinha ferimentos nenhuns, foi simplesmente pedir socorro\u201d, contou ainda.<\/p>\n<p><strong>[A 14 de janeiro de 1986 um acontecimento muda o rumo da campanha das presidenciais: a inesperada agress\u00e3o a Soares na Marinha Grande. Nas urnas, o socialista e Zenha lutam por um lugar na segunda volta frente a Freitas.\u00a0<\/strong><strong>A\u00a0<a href=\"https:\/\/observador.pt\/programas\/a-eleio-mais-louca-de-sempre\/episodio-4-portugal-nao-e-moscovo\/\" rel=\"nofollow noopener\" target=\"_blank\">\u201cElei\u00e7\u00e3o Mais Louca de Sempre\u201d<\/a> \u00e9 o novo Podcast Plus do Observador sobre as Presidenciais de 1986. Uma s\u00e9rie narrada pelo ator Gon\u00e7alo Waddington, com banda sonora original de Samuel \u00daria. Pode ouvir\u00a0<a href=\"https:\/\/observador.pt\/programas\/a-eleio-mais-louca-de-sempre\/episodio-4-portugal-nao-e-moscovo\/\" rel=\"nofollow noopener\" target=\"_blank\">aqui<\/a>, no\u00a0Observador, e tamb\u00e9m na\u00a0<a href=\"https:\/\/podcasts.apple.com\/pt\/podcast\/epis%C3%B3dio-4-portugal-n%C3%A3o-%C3%A9-moscovo\/id1841273464?i=1000732704045\" rel=\"nofollow noopener\" target=\"_blank\">Apple Podcasts<\/a>, no\u00a0<a href=\"https:\/\/open.spotify.com\/episode\/2SQPr5qiggrruRId3AGmaa?si=4da7e55fbfa04153\" rel=\"nofollow noopener\" target=\"_blank\">Spotify<\/a>\u00a0e no\u00a0<a href=\"https:\/\/music.youtube.com\/watch?v=lwRI8iL_ZKI&amp;si=LeJjFBTc0_lsQ8FS\" rel=\"nofollow noopener\" target=\"_blank\">Youtube Music<\/a>. E pode ouvir o primeiro epis\u00f3dio\u00a0<a href=\"https:\/\/observador.pt\/programas\/a-eleio-mais-louca-de-sempre\/estreia-a-eleicao-mais-louca-de-sempre-episodio-1-apostamos-no-cavalo-errado\/\" rel=\"nofollow noopener\" target=\"_blank\">aqui<\/a>, o segundo <a href=\"https:\/\/observador.pt\/programas\/a-eleio-mais-louca-de-sempre\/episodio-2-uma-traicao-inesperada\/\" rel=\"nofollow noopener\" target=\"_blank\">aqui<\/a> e o terceiro <a href=\"https:\/\/observador.pt\/programas\/a-eleio-mais-louca-de-sempre\/episodio-3-ele-nao-e-meu-irmao\/\" rel=\"nofollow noopener\" target=\"_blank\">aqui<\/a>.]<\/strong><\/p>\n<p><a href=\"https:\/\/observador.pt\/programas\/a-eleio-mais-louca-de-sempre\/episodio-4-portugal-nao-e-moscovo\/\" rel=\"nofollow noopener\" target=\"_blank\"><\/p>\n<p>        <img src=\"https:\/\/www.europesays.com\/pt\/wp-content\/uploads\/2025\/10\/770-a-eleicao-mais-louca-de-sempre-playicon.png\" alt=\"\" loading=\"lazy\" decoding=\"async\" class=\"alignnone\" onload=\"this.parentElement.classList.remove('spinner')\" onerror=\"this.parentElement.classList.remove('spinner')\" width=\"770\" height=\"433\"\/>    <\/p>\n<p><\/a><\/p>\n","protected":false},"excerpt":{"rendered":"Um homem esfaqueou cinco pessoas e feriu outras duas num centro de tratamento de toxicodepend\u00eancia em Almoster, Santar\u00e9m,&hellip;\n","protected":false},"author":2,"featured_media":120571,"comment_status":"","ping_status":"","sticky":false,"template":"","format":"standard","meta":{"footnotes":""},"categories":[10],"tags":[27,28,604,15,16,14,25,26,21,22,12,13,19,20,57,32,23,24,33,14951,58,17,18,29,30,31],"class_list":{"0":"post-120570","1":"post","2":"type-post","3":"status-publish","4":"format-standard","5":"has-post-thumbnail","7":"category-portugal","8":"tag-breaking-news","9":"tag-breakingnews","10":"tag-crime","11":"tag-featured-news","12":"tag-featurednews","13":"tag-headlines","14":"tag-latest-news","15":"tag-latestnews","16":"tag-main-news","17":"tag-mainnews","18":"tag-news","19":"tag-noticias","20":"tag-noticias-principais","21":"tag-noticiasprincipais","22":"tag-pau00eds","23":"tag-portugal","24":"tag-principais-noticias","25":"tag-principaisnoticias","26":"tag-pt","27":"tag-santaru00e9m","28":"tag-sociedade","29":"tag-top-stories","30":"tag-topstories","31":"tag-ultimas","32":"tag-ultimas-noticias","33":"tag-ultimasnoticias"},"share_on_mastodon":{"url":"https:\/\/pubeurope.com\/@pt\/115413088078225695","error":""},"_links":{"self":[{"href":"https:\/\/www.europesays.com\/pt\/wp-json\/wp\/v2\/posts\/120570","targetHints":{"allow":["GET"]}}],"collection":[{"href":"https:\/\/www.europesays.com\/pt\/wp-json\/wp\/v2\/posts"}],"about":[{"href":"https:\/\/www.europesays.com\/pt\/wp-json\/wp\/v2\/types\/post"}],"author":[{"embeddable":true,"href":"https:\/\/www.europesays.com\/pt\/wp-json\/wp\/v2\/users\/2"}],"replies":[{"embeddable":true,"href":"https:\/\/www.europesays.com\/pt\/wp-json\/wp\/v2\/comments?post=120570"}],"version-history":[{"count":0,"href":"https:\/\/www.europesays.com\/pt\/wp-json\/wp\/v2\/posts\/120570\/revisions"}],"wp:featuredmedia":[{"embeddable":true,"href":"https:\/\/www.europesays.com\/pt\/wp-json\/wp\/v2\/media\/120571"}],"wp:attachment":[{"href":"https:\/\/www.europesays.com\/pt\/wp-json\/wp\/v2\/media?parent=120570"}],"wp:term":[{"taxonomy":"category","embeddable":true,"href":"https:\/\/www.europesays.com\/pt\/wp-json\/wp\/v2\/categories?post=120570"},{"taxonomy":"post_tag","embeddable":true,"href":"https:\/\/www.europesays.com\/pt\/wp-json\/wp\/v2\/tags?post=120570"}],"curies":[{"name":"wp","href":"https:\/\/api.w.org\/{rel}","templated":true}]}}