{"id":120578,"date":"2025-10-21T16:29:09","date_gmt":"2025-10-21T16:29:09","guid":{"rendered":"https:\/\/www.europesays.com\/pt\/120578\/"},"modified":"2025-10-21T16:29:09","modified_gmt":"2025-10-21T16:29:09","slug":"casa-dos-segredos-vera-fala-pela-primeira-vez-sobre-ligacao-a-jose-malhoa-nunca-mais-me-esqueco","status":"publish","type":"post","link":"https:\/\/www.europesays.com\/pt\/120578\/","title":{"rendered":"Casa dos Segredos &#8211; Vera fala pela primeira vez sobre liga\u00e7\u00e3o a Jos\u00e9 Malhoa: &#8220;Nunca mais me esque\u00e7o&#8221;"},"content":{"rendered":"<p><strong>Vera <\/strong>j\u00e1 n\u00e3o mora na casa mais vigiada do pa\u00eds e tudo porque na madrugada desta segunda-feira, dia 20 de outubro, &#8216;perdeu a cabe\u00e7a&#8217; e deu <a href=\"https:\/\/www.novagente.pt\/casa-dos-segredos-escandalo-vera-agride-dylan-com-varias-chapadas-video\" rel=\"nofollow noopener\" target=\"_blank\">quatro estalos<\/a> a <strong>Dylan<\/strong>.<\/p>\n<p>Na manh\u00e3 desta ter\u00e7a-feira, dia 21, a assistente dent\u00e1ria de Vila Nova de Gaia esteve no Dois \u00e0s 10, onde falou sobre v\u00e1rios assuntos, incluindo o segredo que escondia no reality show da TVI. A agora ex-concorrente revelou que foi criada por um cantor famoso:\u00a0<strong>Jos\u00e9 Malhoa<\/strong>. Importa lembrar que o artista <a href=\"https:\/\/www.novagente.pt\/casa-dos-segredos-barraco-jose-malhoa-desmente-tvi-sobre-segredo-de-concorrente-eu-nao-criei\" rel=\"nofollow noopener\" target=\"_blank\">desmentiu<\/a> esta hist\u00f3ria quando a jovem ainda estava no programa.<\/p>\n<blockquote>\n<p><strong>Leia ainda: <\/strong>Casa dos Segredos &#8211; <a href=\"https:\/\/www.novagente.pt\/casa-dos-segredos-ines-ja-se-pronunciou-sobre-polemica-agressao-de-vera-dylan-eu-nao-consigo-ser\" rel=\"nofollow noopener\" target=\"_blank\">In\u00eas j\u00e1 se pronunciou sobre a pol\u00e9mica agress\u00e3o de Vera a Dylan: &#8220;Eu n\u00e3o consigo ser&#8230;&#8221;<\/a><\/p>\n<\/blockquote>\n<p>Vera explicou que foi com a fam\u00edlia do conhecido \u2018Rei do Pimba\u2019 que viveu muitos &#8220;momentos especiais&#8221;, como a sua primeira viagem de avi\u00e3o e at\u00e9 idas ao jardim zool\u00f3gico. Contou ainda que era vizinha de Jos\u00e9 Malhoa e que a liga\u00e7\u00e3o come\u00e7ou porque a sua m\u00e3e, que &#8220;trabalhava imenso&#8221;, cuidava da filha mais nova do cantor. &#8220;<strong>Passeei muito com eles, <\/strong>[fiz]<strong> coisas que, pronto, se faz com a fam\u00edlia<\/strong>&#8220;, admitiu.<\/p>\n<p>Apesar de n\u00e3o ter vivido na casa do m\u00fasico, Vera sente que o cl\u00e3 Malhoa foi, de facto, uma segunda fam\u00edlia para si. \u201cFoi com eles que vi a primeira \u00e1rvore de Natal, nunca mais me esque\u00e7o. Era um pinheiro verdadeiro e quando eu cheguei l\u00e1 \u00e0 sala era todo\u00a0enfeitado\u00a0de bolinhas de natal mas em chocolate.<strong> Isso s\u00e3o mem\u00f3rias que ficaram completamente na minha bagagem<\/strong>&#8220;, disse, acrescentando que transformaram a sua vida.<\/p>\n<p>Recorde o momento em que Vera agrediu Dylan<\/p>\n<p>Texto: Beatriz Soares; Fotos: DR e Redes Sociais.\u00a0<\/p>\n<p class=\"intagram-text\">Siga a Nova Gente no Instagram<\/p>\n<p>                        <a href=\"https:\/\/www.instagram.com\/revistanovagente\/\" target=\"_blank\" aria-label=\"instagram\" rel=\"noopener nofollow\"><img decoding=\"async\" style=\"display: block; margin-left: auto; margin-right: auto; width: 250px; height: 83px;\" src=\"https:\/\/www.europesays.com\/pt\/wp-content\/uploads\/2025\/10\/Instagram_NG.png\" alt=\"instagram\"\/><\/a><br \/>\n                    <script async src=\"\/\/www.instagram.com\/embed.js\"><\/script><\/p>\n","protected":false},"excerpt":{"rendered":"Vera j\u00e1 n\u00e3o mora na casa mais vigiada do pa\u00eds e tudo porque na madrugada desta segunda-feira, dia&hellip;\n","protected":false},"author":2,"featured_media":120579,"comment_status":"","ping_status":"","sticky":false,"template":"","format":"standard","meta":{"footnotes":""},"categories":[142],"tags":[2632,329,166,114,115,27970,32,33,1315,151,11841],"class_list":{"0":"post-120578","1":"post","2":"type-post","3":"status-publish","4":"format-standard","5":"has-post-thumbnail","7":"category-tv","8":"tag-casa-dos-segredos","9":"tag-claudio-ramos","10":"tag-cristina-ferreira","11":"tag-entertainment","12":"tag-entretenimento","13":"tag-jose-malhoa","14":"tag-portugal","15":"tag-pt","16":"tag-secret-story","17":"tag-tv","18":"tag-vera"},"share_on_mastodon":{"url":"https:\/\/pubeurope.com\/@pt\/115413107815949981","error":""},"_links":{"self":[{"href":"https:\/\/www.europesays.com\/pt\/wp-json\/wp\/v2\/posts\/120578","targetHints":{"allow":["GET"]}}],"collection":[{"href":"https:\/\/www.europesays.com\/pt\/wp-json\/wp\/v2\/posts"}],"about":[{"href":"https:\/\/www.europesays.com\/pt\/wp-json\/wp\/v2\/types\/post"}],"author":[{"embeddable":true,"href":"https:\/\/www.europesays.com\/pt\/wp-json\/wp\/v2\/users\/2"}],"replies":[{"embeddable":true,"href":"https:\/\/www.europesays.com\/pt\/wp-json\/wp\/v2\/comments?post=120578"}],"version-history":[{"count":0,"href":"https:\/\/www.europesays.com\/pt\/wp-json\/wp\/v2\/posts\/120578\/revisions"}],"wp:featuredmedia":[{"embeddable":true,"href":"https:\/\/www.europesays.com\/pt\/wp-json\/wp\/v2\/media\/120579"}],"wp:attachment":[{"href":"https:\/\/www.europesays.com\/pt\/wp-json\/wp\/v2\/media?parent=120578"}],"wp:term":[{"taxonomy":"category","embeddable":true,"href":"https:\/\/www.europesays.com\/pt\/wp-json\/wp\/v2\/categories?post=120578"},{"taxonomy":"post_tag","embeddable":true,"href":"https:\/\/www.europesays.com\/pt\/wp-json\/wp\/v2\/tags?post=120578"}],"curies":[{"name":"wp","href":"https:\/\/api.w.org\/{rel}","templated":true}]}}