{"id":120588,"date":"2025-10-21T16:34:30","date_gmt":"2025-10-21T16:34:30","guid":{"rendered":"https:\/\/www.europesays.com\/pt\/120588\/"},"modified":"2025-10-21T16:34:30","modified_gmt":"2025-10-21T16:34:30","slug":"apos-expulsao-de-vera-ha-cinco-nomeados","status":"publish","type":"post","link":"https:\/\/www.europesays.com\/pt\/120588\/","title":{"rendered":"Ap\u00f3s expuls\u00e3o de Vera, h\u00e1 cinco nomeados"},"content":{"rendered":"<p>Sondagem Secret Story: Ap\u00f3s expuls\u00e3o de Vera, h\u00e1 cinco nomeados em risco de serem expulsos no domingo.<\/p>\n<p>Noite de tens\u00e3o e reviravoltas no jogo<\/p>\n<p>A gala do Secret Story 9, transmitida no domingo, <strong>19 de outubro<\/strong>, trouxe v\u00e1rias surpresas e decis\u00f5es importantes. As nomea\u00e7\u00f5es foram marcadas por <strong>vantagens estrat\u00e9gicas, imunidades conquistadas e uma expuls\u00e3o pol\u00e9mica<\/strong>.<\/p>\n<p>Durante a emiss\u00e3o, <strong>Leandro<\/strong> destacou-se ao <strong>cumprir com sucesso a miss\u00e3o da falsa desist\u00eancia<\/strong>, o que lhe concedeu uma vantagem nas nomea\u00e7\u00f5es. O concorrente <strong>teve o poder de apagar dois votos e atribuir dois a Mariana<\/strong>, influenciando diretamente o rumo das vota\u00e7\u00f5es.<\/p>\n<p>Bruna ficou impedida de nomear<\/p>\n<p>Entretanto, uma decis\u00e3o conjunta de <strong>Ana Cristina e Raquel<\/strong> determinou que <strong>Bruna ficasse impedida de nomear<\/strong> esta semana. J\u00e1 <strong>F\u00e1bio e Ana Cristina<\/strong> venceram a <strong>prova da imunidade<\/strong>, o que garantiu prote\u00e7\u00e3o ao concorrente e deu \u00e0 colega <strong>o poder de nomear algu\u00e9m diretamente<\/strong>.<\/p>\n<p>Sem hesitar, <strong>Ana Cristina escolheu Rui<\/strong>, colocando-o automaticamente em risco de expuls\u00e3o.<\/p>\n<p>Bruno e In\u00eas entre os mais votados<\/p>\n<p>As restantes nomea\u00e7\u00f5es decorreram no <strong>cubo<\/strong>, onde alguns participantes retiraram uma \u201cbarra de ouro\u201d que indicava quantos colegas podiam nomear. J\u00e1 na sala, os outros concorrentes tiveram de escolher os nomes a enviar para vota\u00e7\u00e3o.<\/p>\n<p>No final da contagem, os <strong>mais votados foram Bruno (5 votos), In\u00eas (5 votos), Liliana (3 votos), Mariana (3 votos) e Vera (3 votos)<\/strong>.<br \/>Os restantes resultados foram os seguintes: <strong>Dylan (1 voto)<\/strong>. J\u00e1 <strong>Ana, Ana Cristina, Bruna, Leandro, Marisa, Marisa Susana, Pedro e Raquel<\/strong> terminaram a ronda <strong>sem qualquer nomea\u00e7\u00e3o<\/strong>.<\/p>\n<p>\u201cVera foi expulsa\u201d \u2014 Cristina Ferreira anuncia decis\u00e3o<\/p>\n<p>Contudo, tudo mudou na noite seguinte. No Especial Secret Story, transmitido a <strong>20 de outubro<\/strong>, <strong>Cristina Ferreira<\/strong> anunciou em direto a <strong>expuls\u00e3o de Vera<\/strong>, ap\u00f3s a agress\u00e3o a Dylan durante a \u201cCadeira Quente\u201d.<\/p>\n<p>Com a sa\u00edda da concorrente de Vila Nova de Gaia, a apresentadora confirmou o <strong>leque definitivo de nomeados da semana<\/strong>: <strong>Bruno, In\u00eas, Liliana, Mariana e Rui<\/strong>.<\/p>\n<p>Pode votar na sondagem <a href=\"https:\/\/docs.google.com\/forms\/d\/e\/1FAIpQLSeW_FGvjclCXLObXM7x7uf2iysKy18QLesuOiYBNAtKb0hD3w\/viewform?usp=header\" rel=\"nofollow noopener\" target=\"_blank\">AQUI<\/a>.<\/p>\n<p><a href=\"https:\/\/news.google.com\/publications\/CAAqBwgKMKfIoAswtNK4Aw\" target=\"_blank\" rel=\"noopener noreferrer nofollow\"><img loading=\"lazy\" data-lazyloaded=\"1\" width=\"481\" height=\"161\" decoding=\"async\" src=\"\/wp-content\/uploads\/2024\/02\/GN_siganos.png\" alt=\"Siga-nos no Google News\" style=\"margin-top:20px;\"\/><\/a><\/p>\n","protected":false},"excerpt":{"rendered":"Sondagem Secret Story: Ap\u00f3s expuls\u00e3o de Vera, h\u00e1 cinco nomeados em risco de serem expulsos no domingo. Noite&hellip;\n","protected":false},"author":2,"featured_media":120589,"comment_status":"","ping_status":"","sticky":false,"template":"","format":"standard","meta":{"footnotes":""},"categories":[85],"tags":[2632,114,115,32,33],"class_list":{"0":"post-120588","1":"post","2":"type-post","3":"status-publish","4":"format-standard","5":"has-post-thumbnail","7":"category-entretenimento","8":"tag-casa-dos-segredos","9":"tag-entertainment","10":"tag-entretenimento","11":"tag-portugal","12":"tag-pt"},"share_on_mastodon":{"url":"https:\/\/pubeurope.com\/@pt\/115413127240010346","error":""},"_links":{"self":[{"href":"https:\/\/www.europesays.com\/pt\/wp-json\/wp\/v2\/posts\/120588","targetHints":{"allow":["GET"]}}],"collection":[{"href":"https:\/\/www.europesays.com\/pt\/wp-json\/wp\/v2\/posts"}],"about":[{"href":"https:\/\/www.europesays.com\/pt\/wp-json\/wp\/v2\/types\/post"}],"author":[{"embeddable":true,"href":"https:\/\/www.europesays.com\/pt\/wp-json\/wp\/v2\/users\/2"}],"replies":[{"embeddable":true,"href":"https:\/\/www.europesays.com\/pt\/wp-json\/wp\/v2\/comments?post=120588"}],"version-history":[{"count":0,"href":"https:\/\/www.europesays.com\/pt\/wp-json\/wp\/v2\/posts\/120588\/revisions"}],"wp:featuredmedia":[{"embeddable":true,"href":"https:\/\/www.europesays.com\/pt\/wp-json\/wp\/v2\/media\/120589"}],"wp:attachment":[{"href":"https:\/\/www.europesays.com\/pt\/wp-json\/wp\/v2\/media?parent=120588"}],"wp:term":[{"taxonomy":"category","embeddable":true,"href":"https:\/\/www.europesays.com\/pt\/wp-json\/wp\/v2\/categories?post=120588"},{"taxonomy":"post_tag","embeddable":true,"href":"https:\/\/www.europesays.com\/pt\/wp-json\/wp\/v2\/tags?post=120588"}],"curies":[{"name":"wp","href":"https:\/\/api.w.org\/{rel}","templated":true}]}}