{"id":120593,"date":"2025-10-21T16:38:11","date_gmt":"2025-10-21T16:38:11","guid":{"rendered":"https:\/\/www.europesays.com\/pt\/120593\/"},"modified":"2025-10-21T16:38:11","modified_gmt":"2025-10-21T16:38:11","slug":"sanae-takaichi-faz-historia-saiba-quem-e-a-primeira-mulher-a-liderar-o-japao","status":"publish","type":"post","link":"https:\/\/www.europesays.com\/pt\/120593\/","title":{"rendered":"Sanae Takaichi faz hist\u00f3ria: saiba quem \u00e9 a primeira mulher a liderar o Jap\u00e3o"},"content":{"rendered":"<p>A <strong>C\u00e2mara Baixa do Parlamento japon\u00eas<\/strong> nomeou Takaichi, de 64 anos, logo na primeira vota\u00e7\u00e3o. A sua nomea\u00e7\u00e3o ser\u00e1 oficializada quando se encontrar com o imperador <strong>Naruhito<\/strong> ainda hoje.<\/p>\n<p>Takaichi \u00e9 a quinta l\u00edder do arquip\u00e9lago em cinco anos e assume o cargo num <strong>cen\u00e1rio pol\u00edtico delicado<\/strong>, com uma agenda internacional intensa, incluindo a <strong>visita do Presidente norte-americano <\/strong><a href=\"https:\/\/expresso.pt\/economia\/2025-07-07-trump-adia-imposicao-de-tarifas-a-produtos-do-japao-e-coreia-do-sul-para-agosto-b47add7b\" target=\"_blank\" rel=\"noopener noreferrer nofollow\">Donald Trump<\/a> j\u00e1 na pr\u00f3xima semana.<\/p>\n<p>Yuichi Yamazaki\/Pool Via Reuters<\/p>\n<p>Ascens\u00e3o no PLD e forma\u00e7\u00e3o da coliga\u00e7\u00e3o<\/p>\n<p>A 4 de outubro, Takaichi conquistou a presid\u00eancia do <strong>Partido Liberal Democr\u00e1tico (PLD)<\/strong>, forma\u00e7\u00e3o conservadora que est\u00e1 no poder quase continuamente desde 1955. Nos \u00faltimos meses, o PLD perdeu a maioria nas duas c\u00e2maras do Parlamento devido a <strong>esc\u00e2ndalos financeiros<\/strong>.<\/p>\n<p>O tradicional aliado do PLD, o <strong>partido <\/strong><a href=\"https:\/\/www.komei.or.jp\/en\/\" target=\"_blank\" rel=\"noopener noreferrer nofollow\">Komeito<\/a>, abandonou a coliga\u00e7\u00e3o devido a esc\u00e2ndalos e \u00e0s opini\u00f5es conservadoras de Takaichi. Para garantir a elei\u00e7\u00e3o como chefe do Governo e suceder a <strong>Shigeru Ishiba<\/strong>, Takaichi formou uma alian\u00e7a com o <strong>Partido Japon\u00eas para a Inova\u00e7\u00e3o (Ishin)<\/strong>, de centro-direita.<\/p>\n<p>Sanae Takaichi, eleita l\u00edder do partido liberal democrata do Jap\u00e3o<\/p>\n<p>YUICHI YAMAZAKI \/ POOL<\/p>\n<p>Uma lideran\u00e7a feminina e conservadora<\/p>\n<p>Admiradora de <a href=\"https:\/\/www.infopedia.pt\/artigos\/$margaret-thatcher\" target=\"_blank\" rel=\"noopener noreferrer nofollow\">Margaret Thatcher<\/a>, Takaichi prometeu um Executivo com um n\u00famero de mulheres \u201c\u00e0 escandinava\u201d, contrastando com apenas duas na equipa do antecessor. Uma delas ser\u00e1 <strong>Satsuki Katayama<\/strong>, que dever\u00e1 assumir o cargo de ministra das Finan\u00e7as.<\/p>\n<p>Apesar de promover maior presen\u00e7a feminina no Governo, Takaichi mant\u00e9m <strong>posi\u00e7\u00f5es conservadoras<\/strong>: op\u00f5e-se \u00e0 revis\u00e3o da lei que obriga casais a usarem o mesmo apelido e apoia a <strong>sucess\u00e3o imperial exclusiva para homens<\/strong>.<\/p>\n<p>O Jap\u00e3o ocupa atualmente <strong>118.\u00ba lugar entre 148 pa\u00edses<\/strong> no relat\u00f3rio 2025 do <a href=\"https:\/\/www.weforum.org\/\" target=\"_blank\" rel=\"noopener noreferrer nofollow\">F\u00f3rum Econ\u00f3mico Mundial<\/a> sobre desigualdade de g\u00e9nero, e a c\u00e2mara baixa do Parlamento tem apenas 15% de mulheres.<\/p>\n<p>Desafios econ\u00f3micos e demogr\u00e1ficos<\/p>\n<p>Takaichi enfrentar\u00e1 a <strong>queda demogr\u00e1fica do Jap\u00e3o<\/strong> e a necessidade de reanimar a <strong>quarta maior economia do mundo<\/strong>. A coliga\u00e7\u00e3o com o Ishin controla <strong>231 assentos no Parlamento<\/strong>, abaixo dos 233 necess\u00e1rios para maioria absoluta, exigindo negocia\u00e7\u00f5es com outros partidos.<\/p>\n<p>Seguindo o exemplo de seu mentor, <strong>Shinzo Abe<\/strong>, a nova primeira-ministra defende o aumento da <strong>despesa p\u00fablica<\/strong> para estimular a economia. A vit\u00f3ria impulsionou a <strong>Bolsa de T\u00f3quio<\/strong> a n\u00edveis recordes, gra\u00e7as \u00e0 reputa\u00e7\u00e3o de Takaichi como \u201cpomba fiscal\u201d.<\/p>\n<p>Pol\u00edtica externa e desafios internos<\/p>\n<p>No plano externo, Takaichi moderou o discurso sobre a <strong>China<\/strong> e evitou visitar o <strong>santu\u00e1rio Yasukuni<\/strong>, associado ao passado militarista do Jap\u00e3o. Internamente, seu principal desafio ser\u00e1 <strong>recuperar a popularidade do PLD<\/strong> ap\u00f3s reveses eleitorais que levaram \u00e0 ascens\u00e3o do <strong>Sanseito<\/strong>, partido populista que considera a imigra\u00e7\u00e3o uma \u201cinvas\u00e3o silenciosa\u201d.<\/p>\n<p>Mal foi anunciada a vit\u00f3ria da nova <strong>\u201cDama de Ferro\u201d<\/strong> nas prim\u00e1rias do Partido Liberal Democr\u00e1tico (LDP), o principal \u00edndice da bolsa japonesa disparou quase 5%. Sanae Takaichi defende aumento das despesas e redu\u00e7\u00e3o de impostos para estimular a economia : \u201cVou abandonar a express\u00e3o \u2018equil\u00edbrio entre vida pessoal e profissional\u2019. &#8211; avisou<\/p>\n<p>1961<\/p>\n<p>Do Jap\u00e3o tradicional<\/p>\n<p class=\"texto\">No ano que entraria para a hist\u00f3ria pela ida do primeiro homem ao espa\u00e7o, nasce Sanae em Nara, considerado um reduto do esp\u00edrito tradicional japon\u00eas.<\/p>\n<p>1987<\/p>\n<p>Na casa do Tio Sam<\/p>\n<p class=\"texto\">Com o patroc\u00ednio do Instituto Matsushita, muda-se para os Estados Unidos e trabalha com a congressista democrata Pat Schroeder, como bolseira do Congresso norte-americano. Ao regressar, em 1989, escreve sobre a experi\u00eancia e torna-se piv\u00f4 televisiva.<\/p>\n<p>1993<\/p>\n<p>Em nome do povo<\/p>\n<p class=\"texto\">\u00c9 eleita para a C\u00e2mara dos Representantes nas elei\u00e7\u00f5es gerais, depois de se ter aventurado pela r\u00e1dio. Em 1996, junta-se ao Partido Liberal Democrata e op\u00f5e-se ao casamento entre pessoas do mesmo sexo, reconhecimento de apelidos separados para c\u00f4njuges e \u00e0 sucess\u00e3o feminina ao trono japon\u00eas.<\/p>\n<p>2004<\/p>\n<p>Alian\u00e7a perp\u00e9tua<\/p>\n<p class=\"texto\">Casa-se com um membro da C\u00e2mara dos Representantes, Taku Yamamoto. N\u00e3o t\u00eam descendentes, mas adota os filhos do marido. Divorciam-se em 2017, invocando diferentes vis\u00f5es pol\u00edticas. Casam-se novamente em 2021.<\/p>\n<p>2011<\/p>\n<p>M\u00e1s companhias<\/p>\n<p class=\"texto\">Aparece com Kazunari Yamada, l\u00edder do grupo neonazi Partido Nacional Socialista dos Trabalhadores Japoneses. Takaichi tem uma vis\u00e3o revisionista da II Guerra Mundial, negando os crimes do ex\u00e9rcito imperial japon\u00eas.<\/p>\n<p>2019<\/p>\n<p>De tudo um pouco<\/p>\n<p class=\"texto\">Aliada de Shinzo Abe, ocupa v\u00e1rios cargos durante o mandato do ex-primeiro-ministro, principalmente como ministra dos Assuntos Internos e das Comunica\u00e7\u00f5es. Continua, entretanto, a tocar piano e a gostar de heavy metal.<\/p>\n<p>2021<\/p>\n<p>N\u00e3o foi destas<\/p>\n<p class=\"texto\">Candidata-se \u00e0s elei\u00e7\u00f5es para a lideran\u00e7a do LDP em 2021, mas acaba por ser eliminada ainda antes da segunda volta, tendo ficado em terceiro lugar. Em 2024, concorre pela segunda vez e fica em primeiro lugar na primeira volta, mas perde por pouco para Shigeru Ishiba na segunda.<\/p>\n<p>2025<\/p>\n<p>A primeira senhora<\/p>\n<p class=\"texto\"> Assume a presid\u00eancia do Partido Liberal Democr\u00e1tico, finalmente derrotando Shinjir\u014d Koizumi e posicionando-se como a futura primeira-ministra do Jap\u00e3o. <\/p>\n","protected":false},"excerpt":{"rendered":"A C\u00e2mara Baixa do Parlamento japon\u00eas nomeou Takaichi, de 64 anos, logo na primeira vota\u00e7\u00e3o. A sua nomea\u00e7\u00e3o&hellip;\n","protected":false},"author":2,"featured_media":120594,"comment_status":"","ping_status":"","sticky":false,"template":"","format":"standard","meta":{"footnotes":""},"categories":[50],"tags":[27,28,15,16,14,25,26,21,22,62,12,13,19,20,23,24,17,18,29,30,31,63,64,65],"class_list":{"0":"post-120593","1":"post","2":"type-post","3":"status-publish","4":"format-standard","5":"has-post-thumbnail","7":"category-mundo","8":"tag-breaking-news","9":"tag-breakingnews","10":"tag-featured-news","11":"tag-featurednews","12":"tag-headlines","13":"tag-latest-news","14":"tag-latestnews","15":"tag-main-news","16":"tag-mainnews","17":"tag-mundo","18":"tag-news","19":"tag-noticias","20":"tag-noticias-principais","21":"tag-noticiasprincipais","22":"tag-principais-noticias","23":"tag-principaisnoticias","24":"tag-top-stories","25":"tag-topstories","26":"tag-ultimas","27":"tag-ultimas-noticias","28":"tag-ultimasnoticias","29":"tag-world","30":"tag-world-news","31":"tag-worldnews"},"share_on_mastodon":{"url":"https:\/\/pubeurope.com\/@pt\/115413143016551887","error":""},"_links":{"self":[{"href":"https:\/\/www.europesays.com\/pt\/wp-json\/wp\/v2\/posts\/120593","targetHints":{"allow":["GET"]}}],"collection":[{"href":"https:\/\/www.europesays.com\/pt\/wp-json\/wp\/v2\/posts"}],"about":[{"href":"https:\/\/www.europesays.com\/pt\/wp-json\/wp\/v2\/types\/post"}],"author":[{"embeddable":true,"href":"https:\/\/www.europesays.com\/pt\/wp-json\/wp\/v2\/users\/2"}],"replies":[{"embeddable":true,"href":"https:\/\/www.europesays.com\/pt\/wp-json\/wp\/v2\/comments?post=120593"}],"version-history":[{"count":0,"href":"https:\/\/www.europesays.com\/pt\/wp-json\/wp\/v2\/posts\/120593\/revisions"}],"wp:featuredmedia":[{"embeddable":true,"href":"https:\/\/www.europesays.com\/pt\/wp-json\/wp\/v2\/media\/120594"}],"wp:attachment":[{"href":"https:\/\/www.europesays.com\/pt\/wp-json\/wp\/v2\/media?parent=120593"}],"wp:term":[{"taxonomy":"category","embeddable":true,"href":"https:\/\/www.europesays.com\/pt\/wp-json\/wp\/v2\/categories?post=120593"},{"taxonomy":"post_tag","embeddable":true,"href":"https:\/\/www.europesays.com\/pt\/wp-json\/wp\/v2\/tags?post=120593"}],"curies":[{"name":"wp","href":"https:\/\/api.w.org\/{rel}","templated":true}]}}