{"id":120603,"date":"2025-10-21T16:44:13","date_gmt":"2025-10-21T16:44:13","guid":{"rendered":"https:\/\/www.europesays.com\/pt\/120603\/"},"modified":"2025-10-21T16:44:13","modified_gmt":"2025-10-21T16:44:13","slug":"exclusivo-terra-forte-baleia-salva-flor-de-ser-comida-por-tubaroes-novelas","status":"publish","type":"post","link":"https:\/\/www.europesays.com\/pt\/120603\/","title":{"rendered":"Exclusivo \u00abTerra Forte\u00bb: Baleia salva Flor de ser comida por tubar\u00f5es &#8211; Novelas"},"content":{"rendered":"<p>\t\t\t\t<a target=\"_blank\" href=\"https:\/\/tvipass.iol.pt\/passatempo\/va-a-bola-com-a-tvi-pass\/0199c972-8ce6-7845-97c8-a19d481cbcdd\" rel=\"nofollow noopener\"><\/p>\n<p>Ganhe bilhetes &#8211; Moreirense FC x FC Porto<\/p>\n<p>Participe aqui<\/p>\n<p>\t\t          <\/a><\/p>\n<p>Em \u00abTerra Forte\u00bb, recuamos no tempo (20 anos) e assistimos ao momento em que Flor (Benedita Pereira) est\u00e1 \u00e0 deriva no mar prestes a ser comida pelos tubar\u00f5es. Nesse momento, aparece uma baleia que a salva.<\/p>\n","protected":false},"excerpt":{"rendered":"Ganhe bilhetes &#8211; Moreirense FC x FC Porto Participe aqui Em \u00abTerra Forte\u00bb, recuamos no tempo (20 anos)&hellip;\n","protected":false},"author":2,"featured_media":120604,"comment_status":"","ping_status":"","sticky":false,"template":"","format":"standard","meta":{"footnotes":""},"categories":[142],"tags":[160,9422,7951,166,114,115,157,167,978,164,161,158,165,159,32,33,156,18614,163,151,162],"class_list":{"0":"post-120603","1":"post","2":"type-post","3":"status-publish","4":"format-standard","5":"has-post-thumbnail","7":"category-tv","8":"tag-ana-guiomar","9":"tag-baleia","10":"tag-benedita-pereira","11":"tag-cristina-ferreira","12":"tag-entertainment","13":"tag-entretenimento","14":"tag-festa-e-festa","15":"tag-ficcao","16":"tag-flor","17":"tag-jose-fidalgo","18":"tag-novelas","19":"tag-para-sempre","20":"tag-pedro-sousa","21":"tag-pedro-teixeira","22":"tag-portugal","23":"tag-pt","24":"tag-queridos-papas","25":"tag-terra-forte","26":"tag-tiago-teotonio-pereira","27":"tag-tv","28":"tag-tvi"},"share_on_mastodon":{"url":"https:\/\/pubeurope.com\/@pt\/115413166668455141","error":""},"_links":{"self":[{"href":"https:\/\/www.europesays.com\/pt\/wp-json\/wp\/v2\/posts\/120603","targetHints":{"allow":["GET"]}}],"collection":[{"href":"https:\/\/www.europesays.com\/pt\/wp-json\/wp\/v2\/posts"}],"about":[{"href":"https:\/\/www.europesays.com\/pt\/wp-json\/wp\/v2\/types\/post"}],"author":[{"embeddable":true,"href":"https:\/\/www.europesays.com\/pt\/wp-json\/wp\/v2\/users\/2"}],"replies":[{"embeddable":true,"href":"https:\/\/www.europesays.com\/pt\/wp-json\/wp\/v2\/comments?post=120603"}],"version-history":[{"count":0,"href":"https:\/\/www.europesays.com\/pt\/wp-json\/wp\/v2\/posts\/120603\/revisions"}],"wp:featuredmedia":[{"embeddable":true,"href":"https:\/\/www.europesays.com\/pt\/wp-json\/wp\/v2\/media\/120604"}],"wp:attachment":[{"href":"https:\/\/www.europesays.com\/pt\/wp-json\/wp\/v2\/media?parent=120603"}],"wp:term":[{"taxonomy":"category","embeddable":true,"href":"https:\/\/www.europesays.com\/pt\/wp-json\/wp\/v2\/categories?post=120603"},{"taxonomy":"post_tag","embeddable":true,"href":"https:\/\/www.europesays.com\/pt\/wp-json\/wp\/v2\/tags?post=120603"}],"curies":[{"name":"wp","href":"https:\/\/api.w.org\/{rel}","templated":true}]}}