{"id":120621,"date":"2025-10-21T16:54:21","date_gmt":"2025-10-21T16:54:21","guid":{"rendered":"https:\/\/www.europesays.com\/pt\/120621\/"},"modified":"2025-10-21T16:54:21","modified_gmt":"2025-10-21T16:54:21","slug":"ines-aires-pereira-mostra-barriguinha-de-gravida-apos-estreia-em-palco","status":"publish","type":"post","link":"https:\/\/www.europesays.com\/pt\/120621\/","title":{"rendered":"In\u00eas Aires Pereira mostra barriguinha de gr\u00e1vida ap\u00f3s estreia em palco"},"content":{"rendered":"<p>Enquanto fazia ao balan\u00e7o da sua estreia a pe\u00e7a de teatro Namast\u00ea, que teve lugar no Coliseu dos Recreios, em Lisboa, In\u00eas Aires Pereira mostrou que espera o seu terceiro filho. A atriz e humorista de 36 anos partilhou a gesta\u00e7\u00e3o num v\u00eddeo que publicou no Instagram, esta noite de segunda-feira, 20 de outubro. &#8220;Finalmente posso mostrar&#8221;, afirmou.<\/p>\n<p data-remotead-prev-elm=\"true\" data-remotead-elm-id=\"inread\">M\u00e3e de Alice, de cinco anos, e Joaquim, de tr\u00eas, Aires Pereira prepara-se para uma nova fase da vida ao lado do antigo companheiro e pai dos filhos, David Ferreira, com quem reconstruiu recentemente a sua vida.<\/p>\n<p><img decoding=\"async\" class=\"ngx-body\" guid=\"5d45d6ce-ad5f-4e97-bcd4-185dd003753d\" src=\"https:\/\/www.europesays.com\/pt\/wp-content\/uploads\/2025\/10\/1761065661_810_image.jpg\" width=\"100%\"\/><\/p>\n<p>&#8220;Que comece a aventura&#8221;, afirmou a atriz e humorista, evocando possivelmente os dois momentos: a estreia a solo &#8211; a pe\u00e7a volta ao palco esta noite, 21 de outubro, em Lisboa, e 27 e 28 no Coliseu do Porto -, e a boa nova.<\/p>\n","protected":false},"excerpt":{"rendered":"Enquanto fazia ao balan\u00e7o da sua estreia a pe\u00e7a de teatro Namast\u00ea, que teve lugar no Coliseu dos&hellip;\n","protected":false},"author":2,"featured_media":120622,"comment_status":"","ping_status":"","sticky":false,"template":"","format":"standard","meta":{"footnotes":""},"categories":[8],"tags":[27,28,15,16,2611,1041,14,1210,25,26,21,22,27977,12,13,19,20,32,23,24,33,2387,17,18,29,30,31],"class_list":{"0":"post-120621","1":"post","2":"type-post","3":"status-publish","4":"format-standard","5":"has-post-thumbnail","7":"category-principais-noticias","8":"tag-breaking-news","9":"tag-breakingnews","10":"tag-featured-news","11":"tag-featurednews","12":"tag-gravida","13":"tag-gravidez","14":"tag-headlines","15":"tag-ines-aires-pereira","16":"tag-latest-news","17":"tag-latestnews","18":"tag-main-news","19":"tag-mainnews","20":"tag-namaste","21":"tag-news","22":"tag-noticias","23":"tag-noticias-principais","24":"tag-noticiasprincipais","25":"tag-portugal","26":"tag-principais-noticias","27":"tag-principaisnoticias","28":"tag-pt","29":"tag-teatro","30":"tag-top-stories","31":"tag-topstories","32":"tag-ultimas","33":"tag-ultimas-noticias","34":"tag-ultimasnoticias"},"share_on_mastodon":{"url":"https:\/\/pubeurope.com\/@pt\/115413206121558013","error":""},"_links":{"self":[{"href":"https:\/\/www.europesays.com\/pt\/wp-json\/wp\/v2\/posts\/120621","targetHints":{"allow":["GET"]}}],"collection":[{"href":"https:\/\/www.europesays.com\/pt\/wp-json\/wp\/v2\/posts"}],"about":[{"href":"https:\/\/www.europesays.com\/pt\/wp-json\/wp\/v2\/types\/post"}],"author":[{"embeddable":true,"href":"https:\/\/www.europesays.com\/pt\/wp-json\/wp\/v2\/users\/2"}],"replies":[{"embeddable":true,"href":"https:\/\/www.europesays.com\/pt\/wp-json\/wp\/v2\/comments?post=120621"}],"version-history":[{"count":0,"href":"https:\/\/www.europesays.com\/pt\/wp-json\/wp\/v2\/posts\/120621\/revisions"}],"wp:featuredmedia":[{"embeddable":true,"href":"https:\/\/www.europesays.com\/pt\/wp-json\/wp\/v2\/media\/120622"}],"wp:attachment":[{"href":"https:\/\/www.europesays.com\/pt\/wp-json\/wp\/v2\/media?parent=120621"}],"wp:term":[{"taxonomy":"category","embeddable":true,"href":"https:\/\/www.europesays.com\/pt\/wp-json\/wp\/v2\/categories?post=120621"},{"taxonomy":"post_tag","embeddable":true,"href":"https:\/\/www.europesays.com\/pt\/wp-json\/wp\/v2\/tags?post=120621"}],"curies":[{"name":"wp","href":"https:\/\/api.w.org\/{rel}","templated":true}]}}