{"id":120637,"date":"2025-10-21T17:11:41","date_gmt":"2025-10-21T17:11:41","guid":{"rendered":"https:\/\/www.europesays.com\/pt\/120637\/"},"modified":"2025-10-21T17:11:41","modified_gmt":"2025-10-21T17:11:41","slug":"o-monte-everest-e-so-o-46o-mais-alto-do-mundo-e-a-serra-da-estrela-tem-so-289-metros","status":"publish","type":"post","link":"https:\/\/www.europesays.com\/pt\/120637\/","title":{"rendered":"O Monte Everest \u00e9 s\u00f3 o 46\u00ba mais alto do Mundo (e a Serra da Estrela tem s\u00f3 289 metros)"},"content":{"rendered":"<p class=\"wp-caption-text top\"><a href=\"https:\/\/commons.wikimedia.org\/wiki\/File:Highest_police_station_in_portugal_%284349393550%29.jpg\" rel=\"nofollow external noopener noreferrer\" data-wpel-link=\"external\" target=\"_blank\" class=\"ext-link\"> Rosino \/ Wikipedia<\/a><\/p>\n<p><img decoding=\"async\" loading=\"lazy\" class=\"size-kopa-image-size-3 wp-image-707065\" src=\"https:\/\/www.europesays.com\/pt\/wp-content\/uploads\/2025\/10\/6b61e84f32c0941dabe7250409173233-783x450.jpg\" alt=\"\" width=\"700\" height=\"402\"  \/><\/p>\n<p><strong>Num estudo publicado em 2005, um matem\u00e1tico brasileiro prop\u00f4s uma forma mais \u201crealista\u201d de medir as montanhas. De acordo o seu m\u00e9todo, as montanhas mais altas n\u00e3o s\u00e3o as que t\u00eam maior altitude, mas as que mais se salientam no seu entorno: n\u00e3o importa qu\u00e3o altas s\u00e3o, mas qu\u00e3o impressionantes parecem.<\/strong><\/p>\n<p>Todos n\u00f3s \u201csabemos\u201d que o <strong>Monte Everest<\/strong>, nos Himalaias, com os seus 8.848 metros de altitude, \u00e9 a montanha mais alta da Terra \u2014 isto \u00e9, se contarmos a altura da montanha a partir do n\u00edvel do mar.<\/p>\n<p>Se, em vez disso, considerarmos a dist\u00e2ncia total <strong>desde a base at\u00e9 ao topo<\/strong>, ent\u00e3o o pico mais alto do planeta <a href=\"https:\/\/zap.aeiou.pt\/a-maior-montanha-da-terra-nao-e-o-evereste-e-o-maior-deserto-nao-tem-areia-597722\" data-wpel-link=\"internal\" rel=\"nofollow noopener\" target=\"_blank\">ser\u00e1 o vulc\u00e3o Mauna Kea<\/a>, no Havai. A sua altura total \u00e9 de <strong>10.305 m<\/strong>, mas cerca de 6.000 m est\u00e3o escondidos debaixo de \u00e1gua.<\/p>\n<p>Mas a altitude absoluta de uma montanha, quer seja medida em rela\u00e7\u00e3o ao n\u00edvel do mar ou desde a sua base ao topo, <strong>n\u00e3o \u00e9 a forma mais realista<\/strong> de medir uma montanha, considera o matem\u00e1tico brasileiro <strong>Ant\u00f4nio Paulo de Faria<\/strong>, professor do Instituto de Geoci\u00eancias da Universidade Federal do Rio de Janeiro (UFRJ).<\/p>\n<p>Num <a href=\"https:\/\/rbgeomorfologia.org.br\/rbg\/article\/download\/48\/45\/137\" data-wpel-link=\"external\" target=\"_blank\" rel=\"nofollow external noopener noreferrer\" class=\"ext-link\">artigo<\/a> publicado em 2005 na Revista Brasileira de Geomorfologia, o investigador prop\u00f4s um m\u00e9todo completamente diferente de medir as montanhas, que avalia n\u00e3o a sua altitude absoluta, mas <strong>a sua proemin\u00eancia<\/strong> em rela\u00e7\u00e3o ao seu entorno \u2014 ou seja, <strong>quanto \u00e9 que a montanha se destaca<\/strong> do terreno que a rodeia.<\/p>\n<p>\u201cA altitude em rela\u00e7\u00e3o ao n\u00edvel do mar, n\u00e3o serve para definir o que \u00e9 uma montanha, <strong>muito menos se ela \u00e9 alta ou baixa<\/strong>\u201d explica o investigador no seu artigo. \u201cH\u00e1 algumas formas para definir montanhas e\u00a0 classific\u00e1-las em classes de tamanho em fun\u00e7\u00e3o de alguns para\u0302metros: altura, altitude e zona alpina\u201d.<\/p>\n<p>Segundo o matem\u00e1tico brasileiro, a melhor forma de determinar a magnitude de uma montanha \u00e9 ent\u00e3o <strong>medir a proje\u00e7\u00e3o do seu pico<\/strong> em rela\u00e7\u00e3o ao seu entorno \u2014 um par\u00e2metro que podemos consultar no <a href=\"https:\/\/peakjut.com\/\" data-wpel-link=\"external\" target=\"_blank\" rel=\"nofollow external noopener noreferrer\" class=\"ext-link\">PeakJut<\/a>.<\/p>\n<p>Assim, se consultarmos o valor de \u201cjut\u201d do<a href=\"https:\/\/peakjut.com\/search?q=everest\" data-wpel-link=\"external\" target=\"_blank\" rel=\"nofollow external noopener noreferrer\" class=\"ext-link\"> Monte Everest<\/a>, percebemos que apesar dos seus 8.848 metros de altitude, a famosa montanha mais alta do Mundo apenas se eleva <strong>2.231 metros em rela\u00e7\u00e3o \u00e0s que a rodeiam<\/strong>.<\/p>\n<p>Se considerarmos este par\u00e2metro, a montanha mais alta do planeta \u00e9 na verdade o <a href=\"https:\/\/peakjut.com\/mountains\/6941646\" data-wpel-link=\"external\" target=\"_blank\" rel=\"nofollow external noopener noreferrer\" class=\"ext-link\">Annapurna Fang<\/a>, com uma altitude de 7.647 metros \u2014 mas que se projeta nada menos do que<strong> 4.806 metros em rela\u00e7\u00e3o \u00e0s montanhas que o rodeiam<\/strong>.<\/p>\n<p>Esta montanha \u00e9, assim, duas vezes mais \u201cimpressionante\u201d do que o Everest \u2014 que, no ranking das <strong>montanhas mais altas do mundo em termos de \u201cproje\u00e7\u00e3o\u201d<\/strong> se encontra apenas na <a href=\"https:\/\/peakjut.com\/rankings\" data-wpel-link=\"external\" target=\"_blank\" rel=\"nofollow external noopener noreferrer\" class=\"ext-link\">46\u00aa posi\u00e7\u00e3o<\/a>.<\/p>\n<p>E ent\u00e3o, em que \u00e9 que esta m\u00e9trica deixa <strong>a nossa Serra da Estrela<\/strong>?<\/p>\n<p>Com <strong>1.993 metros de altitude<\/strong>, a Estrela \u00e9 a montanha mais alta de Portugal continental. Mas o seu \u201cjut\u201d, ou seja, a sua \u201celeva\u00e7\u00e3o\u201d relativa em rela\u00e7\u00e3o a quem esteja l\u00e1 por perto a olhar para a Torre, \u00e9 de apenas\u2026 <a href=\"https:\/\/peakjut.com\/search?q=Serra%20da%20Estrela\" data-wpel-link=\"external\" target=\"_blank\" rel=\"nofollow external noopener noreferrer\" class=\"ext-link\">289 metros<\/a>.<\/p>\n<p>E a montanha mais alta de Portugal? A <strong>Ponta do Pico<\/strong>, nos A\u00e7ores, tem 2.351 metros de altitude, e um <a href=\"https:\/\/peakjut.com\/mountains\/3372782\" data-wpel-link=\"external\" target=\"_blank\" rel=\"nofollow external noopener noreferrer\" class=\"ext-link\">\u201cjut\u201d de 1.028 metros<\/a>. Nada mau: \u00e9 meio Everest.<\/p>\n<p>    <a href=\"https:\/\/zap.aeiou.pt\/subscrever-newsletter\" data-wpel-link=\"internal\" rel=\"nofollow noopener\" target=\"_blank\">&#13;<br \/>\n        <img loading=\"lazy\" decoding=\"async\" class=\"aligncenter size-full wp-image-575475\" src=\"https:\/\/www.europesays.com\/pt\/wp-content\/uploads\/2025\/10\/1759862234_971_2d51fe4a0ba54894421ead1809309ed9-1-450x140.jpg\" alt=\"Subscreva a Newsletter ZAP\" width=\"450\" height=\"140\"\/>&#13;<br \/>\n    <\/a><\/p>\n<p>                <a href=\"https:\/\/whatsapp.com\/channel\/0029VaIC4EE2f3EJZPPSbR34\" data-wpel-link=\"external\" target=\"_blank\" rel=\"nofollow external noopener noreferrer\" class=\"ext-link\">&#13;<br \/>\n                    <img loading=\"lazy\" decoding=\"async\" class=\"aligncenter size-full wp-image-575475\" src=\"https:\/\/www.europesays.com\/pt\/wp-content\/uploads\/2025\/10\/1759862234_512_c68c559d956d4ca20f435ed74a6e71e6.png\" alt=\"Siga-nos no WhatsApp\" width=\"175\" height=\"64\"\/>&#13;<br \/>\n                <\/a><\/p>\n<p>                <a href=\"https:\/\/news.google.com\/publications\/CAAiEHRwZondIV71PDjWNoqMduEqFAgKIhB0cGaJ3SFe9Tw41jaKjHbh?hl=en-US&amp;gl=US&amp;ceid=US%3Aen\" data-wpel-link=\"external\" target=\"_blank\" rel=\"nofollow external noopener noreferrer\" class=\"ext-link\">&#13;<br \/>\n                    <img loading=\"lazy\" decoding=\"async\" class=\"aligncenter size-full wp-image-575475\" src=\"https:\/\/www.europesays.com\/pt\/wp-content\/uploads\/2025\/10\/1759862235_242_5123dd8b087b644fdb8f8603acd1bad4.png\" alt=\"Siga-nos no Google News\" width=\"176\" height=\"64\"\/>&#13;<br \/>\n                <\/a><\/p>\n","protected":false},"excerpt":{"rendered":"Rosino \/ Wikipedia Num estudo publicado em 2005, um matem\u00e1tico brasileiro prop\u00f4s uma forma mais \u201crealista\u201d de medir&hellip;\n","protected":false},"author":2,"featured_media":120638,"comment_status":"","ping_status":"","sticky":false,"template":"","format":"standard","meta":{"footnotes":""},"categories":[50],"tags":[27,28,15,16,5541,7833,27978,14,25,26,21,22,62,12,13,19,20,23,24,17,18,29,30,31,63,64,65],"class_list":{"0":"post-120637","1":"post","2":"type-post","3":"status-publish","4":"format-standard","5":"has-post-thumbnail","7":"category-mundo","8":"tag-breaking-news","9":"tag-breakingnews","10":"tag-featured-news","11":"tag-featurednews","12":"tag-geografia","13":"tag-geologia","14":"tag-geomorfologia","15":"tag-headlines","16":"tag-latest-news","17":"tag-latestnews","18":"tag-main-news","19":"tag-mainnews","20":"tag-mundo","21":"tag-news","22":"tag-noticias","23":"tag-noticias-principais","24":"tag-noticiasprincipais","25":"tag-principais-noticias","26":"tag-principaisnoticias","27":"tag-top-stories","28":"tag-topstories","29":"tag-ultimas","30":"tag-ultimas-noticias","31":"tag-ultimasnoticias","32":"tag-world","33":"tag-world-news","34":"tag-worldnews"},"share_on_mastodon":{"url":"https:\/\/pubeurope.com\/@pt\/115413272834370573","error":""},"_links":{"self":[{"href":"https:\/\/www.europesays.com\/pt\/wp-json\/wp\/v2\/posts\/120637","targetHints":{"allow":["GET"]}}],"collection":[{"href":"https:\/\/www.europesays.com\/pt\/wp-json\/wp\/v2\/posts"}],"about":[{"href":"https:\/\/www.europesays.com\/pt\/wp-json\/wp\/v2\/types\/post"}],"author":[{"embeddable":true,"href":"https:\/\/www.europesays.com\/pt\/wp-json\/wp\/v2\/users\/2"}],"replies":[{"embeddable":true,"href":"https:\/\/www.europesays.com\/pt\/wp-json\/wp\/v2\/comments?post=120637"}],"version-history":[{"count":0,"href":"https:\/\/www.europesays.com\/pt\/wp-json\/wp\/v2\/posts\/120637\/revisions"}],"wp:featuredmedia":[{"embeddable":true,"href":"https:\/\/www.europesays.com\/pt\/wp-json\/wp\/v2\/media\/120638"}],"wp:attachment":[{"href":"https:\/\/www.europesays.com\/pt\/wp-json\/wp\/v2\/media?parent=120637"}],"wp:term":[{"taxonomy":"category","embeddable":true,"href":"https:\/\/www.europesays.com\/pt\/wp-json\/wp\/v2\/categories?post=120637"},{"taxonomy":"post_tag","embeddable":true,"href":"https:\/\/www.europesays.com\/pt\/wp-json\/wp\/v2\/tags?post=120637"}],"curies":[{"name":"wp","href":"https:\/\/api.w.org\/{rel}","templated":true}]}}