{"id":120654,"date":"2025-10-21T17:23:10","date_gmt":"2025-10-21T17:23:10","guid":{"rendered":"https:\/\/www.europesays.com\/pt\/120654\/"},"modified":"2025-10-21T17:23:10","modified_gmt":"2025-10-21T17:23:10","slug":"arrependida-vera-quebra-o-silencio-apos-expulsao-do-secret-story-9-e-nao-esquece-dylan-secret-story","status":"publish","type":"post","link":"https:\/\/www.europesays.com\/pt\/120654\/","title":{"rendered":"Arrependida? Vera quebra o sil\u00eancio ap\u00f3s expuls\u00e3o do \u201cSecret Story 9\u201d- e n\u00e3o esquece Dylan &#8211; Secret Story"},"content":{"rendered":"<p data-end=\"510\" data-start=\"418\">A noite de ontem no <a href=\"https:\/\/tvi.iol.pt\/secretstory\/\" rel=\"nofollow noopener\" target=\"_blank\">\u201cSecret Story 9\u201d<\/a> foi marcada por fortes emo\u00e7\u00f5es e uma das decis\u00f5es mais duras desta edi\u00e7\u00e3o. <a href=\"https:\/\/tvi.iol.pt\/secretstory\/secret-story\/vera\/ultima-hora-vera-e-expulsa-do-secret-story-e-estas-foram-as-reacoes-da-casa\" rel=\"nofollow noopener\" target=\"_blank\"><strong data-end=\"665\" data-start=\"626\">Vera foi expulsa por decis\u00e3o da Voz<\/strong><\/a>, depois de agredir o colega Dylan com dois estalos na cara. O momento da expuls\u00e3o foi transmitido em direto, <a href=\"https:\/\/tvi.iol.pt\/secretstory\/videos\/vera-e-expulsa-do-secret-story-9-veja-aqui-a-conversa-completa-com-cristina-ferreira\/68f6ad580cf29d28d82977fc\" rel=\"nofollow noopener\" target=\"_blank\">durante o Especial conduzido por <strong data-end=\"831\" data-start=\"810\">Cristina Ferreira<\/strong>,<\/a> e ficou marcado por l\u00e1grimas e uma conversa intensa entre a apresentadora e a concorrente.<\/p>\n<p data-end=\"1252\" data-start=\"927\">J\u00e1 esta manh\u00e3, <a href=\"https:\/\/tvi.iol.pt\/secretstory\/video\/apos-ser-expulsa-por-agressao-vera-descobre-o-segredo-de-dylan-veja-a-conversa-completa\/68f7691a0cf285ab53a6aea9\" rel=\"nofollow noopener\" target=\"_blank\"><strong data-end=\"1014\" data-start=\"942\">Vera regressou \u00e0 televis\u00e3o como convidada do programa \u201cDois \u00e0s 10\u201d<\/strong><\/a>, tamb\u00e9m conduzido por Cristina Ferreira e Cl\u00e1udio Ramos. Com vis\u00edvel emo\u00e7\u00e3o, a ex-concorrente falou sobre o que sentiu no momento da expuls\u00e3o, fez um balan\u00e7o da sua participa\u00e7\u00e3o e reagiu \u00e0s imagens que surpreenderam os telespectadores.<\/p>\n<p data-end=\"1381\" data-start=\"1254\">Logo no in\u00edcio da conversa, <strong data-end=\"1353\" data-start=\"1282\">Cristina Ferreira questionou Vera se se arrepende do que aconteceu com Dylan<\/strong>. A resposta foi imediata: \u201cSim\u2026\u201d<\/p>\n<p data-end=\"1494\" data-start=\"1394\">E \u00e0 pergunta <strong>\u201cSe o Dylan estivesse aqui, tu pedias-lhe desculpa?\u201d<\/strong>, Vera respondeu de forma direta: \u201cSim.\u201d<\/p>\n<p data-end=\"1494\" data-start=\"1394\">\u00a0<\/p>\n<p data-end=\"1494\" data-start=\"1394\">\u00a0<\/p>\n<p data-end=\"1494\" data-start=\"1394\">Durante a entrevista, <strong data-end=\"1590\" data-start=\"1529\">Vera explicou ainda o que correu mal na rela\u00e7\u00e3o com Dylan<\/strong>, com quem manteve uma liga\u00e7\u00e3o pr\u00f3xima dentro da casa:<\/p>\n<blockquote data-end=\"1938\" data-start=\"1647\">\n<p data-end=\"1938\" data-start=\"1649\">\u201cO que falhou ali foi\u2026 num momento de uma din\u00e2mica, ele come\u00e7ou a explicar certos acontecimentos de uma rela\u00e7\u00e3o passada dele\u2026 e acho feio tentarmos diminuir algu\u00e9m e contar algo muito privado sobre outra pessoa que n\u00e3o est\u00e1 ali para se defender. Foi a partir da\u00ed que dei um passo atr\u00e1s.\u201d<\/p>\n<\/blockquote>\n<p data-end=\"2133\" data-start=\"1940\">A ex-concorrente esclareceu que a aproxima\u00e7\u00e3o inicial entre ambos foi apenas fruto de \u201centusiasmo\u201d, acrescentando que, segundo Dylan, <strong data-end=\"2131\" data-start=\"2074\">\u201cos dois poderiam ir at\u00e9 \u00e0 final se fossem um casal.\u201d<\/strong><\/p>\n<p data-end=\"2133\" data-start=\"1940\">Veja o momento na \u00edntegra, no v\u00eddeo em baixo.\u00a0<\/p>\n<p data-end=\"2133\" data-start=\"1940\">\u00a0<\/p>\n<p data-end=\"2133\" data-start=\"1940\">Apesar da expuls\u00e3o, Vera garantiu estar arrependida e pronta para seguir em frente, afirmando que traz boas mem\u00f3rias da casa mais vigiada do pa\u00eds.<\/p>\n<p data-end=\"2133\" data-start=\"1940\"><strong>Em cima, veja as galerias de imagens da ex-concorrente que prepar\u00e1mos para si.<\/strong><\/p>\n","protected":false},"excerpt":{"rendered":"A noite de ontem no \u201cSecret Story 9\u201d foi marcada por fortes emo\u00e7\u00f5es e uma das decis\u00f5es mais&hellip;\n","protected":false},"author":2,"featured_media":120655,"comment_status":"","ping_status":"","sticky":false,"template":"","format":"standard","meta":{"footnotes":""},"categories":[85],"tags":[8113,2632,329,333,328,335,166,336,801,19105,114,115,6309,334,27621,330,1326,338,19019,13,32,33,1014,1315,8174,162,11841,19020,227],"class_list":{"0":"post-120654","1":"post","2":"type-post","3":"status-publish","4":"format-standard","5":"has-post-thumbnail","7":"category-entretenimento","8":"tag-alice-alves","9":"tag-casa-dos-segredos","10":"tag-claudio-ramos","11":"tag-comentadores","12":"tag-concorrentes","13":"tag-confrontos","14":"tag-cristina-ferreira","15":"tag-discussoes","16":"tag-dois-as-10","17":"tag-dylan","18":"tag-entertainment","19":"tag-entretenimento","20":"tag-ex-concorrente","21":"tag-exclusivos","22":"tag-expulsa","23":"tag-gala","24":"tag-mafalda-castro","25":"tag-maria-botelho-moniz","26":"tag-marta-cardoso","27":"tag-noticias","28":"tag-portugal","29":"tag-pt","30":"tag-reality-show","31":"tag-secret-story","32":"tag-segredos","33":"tag-tvi","34":"tag-vera","35":"tag-video-do-dia","36":"tag-videos"},"share_on_mastodon":{"url":"https:\/\/pubeurope.com\/@pt\/115413319951945217","error":""},"_links":{"self":[{"href":"https:\/\/www.europesays.com\/pt\/wp-json\/wp\/v2\/posts\/120654","targetHints":{"allow":["GET"]}}],"collection":[{"href":"https:\/\/www.europesays.com\/pt\/wp-json\/wp\/v2\/posts"}],"about":[{"href":"https:\/\/www.europesays.com\/pt\/wp-json\/wp\/v2\/types\/post"}],"author":[{"embeddable":true,"href":"https:\/\/www.europesays.com\/pt\/wp-json\/wp\/v2\/users\/2"}],"replies":[{"embeddable":true,"href":"https:\/\/www.europesays.com\/pt\/wp-json\/wp\/v2\/comments?post=120654"}],"version-history":[{"count":0,"href":"https:\/\/www.europesays.com\/pt\/wp-json\/wp\/v2\/posts\/120654\/revisions"}],"wp:featuredmedia":[{"embeddable":true,"href":"https:\/\/www.europesays.com\/pt\/wp-json\/wp\/v2\/media\/120655"}],"wp:attachment":[{"href":"https:\/\/www.europesays.com\/pt\/wp-json\/wp\/v2\/media?parent=120654"}],"wp:term":[{"taxonomy":"category","embeddable":true,"href":"https:\/\/www.europesays.com\/pt\/wp-json\/wp\/v2\/categories?post=120654"},{"taxonomy":"post_tag","embeddable":true,"href":"https:\/\/www.europesays.com\/pt\/wp-json\/wp\/v2\/tags?post=120654"}],"curies":[{"name":"wp","href":"https:\/\/api.w.org\/{rel}","templated":true}]}}