{"id":120663,"date":"2025-10-21T17:30:14","date_gmt":"2025-10-21T17:30:14","guid":{"rendered":"https:\/\/www.europesays.com\/pt\/120663\/"},"modified":"2025-10-21T17:30:14","modified_gmt":"2025-10-21T17:30:14","slug":"arquiteta-brasileira-cai-em-golpe-e-esta-presa-ha-sete-meses-no-camboja-record","status":"publish","type":"post","link":"https:\/\/www.europesays.com\/pt\/120663\/","title":{"rendered":"Arquiteta brasileira cai em golpe e est\u00e1 presa h\u00e1 sete meses no Camboja \u2013 Record"},"content":{"rendered":"<p>A arquiteta brasileira Daniela Marys Oliveira enfrenta um julgamento decisivo nesta quinta-feira (23), no Camboja. Detida h\u00e1 sete meses sob acusa\u00e7\u00f5es relacionadas a golpes online contra brasileiros, ela caiu em uma armadilha de emprego que prometia trabalho em telemarketing com tradu\u00e7\u00e3o. Ao chegar ao pa\u00eds asi\u00e1tico, ela foi levada a um complexo isolado onde teve seu passaporte confiscado e acabou mantida em c\u00e1rcere privado.<\/p>\n<p>Ap\u00f3s perceber o engano e tentar escapar da situa\u00e7\u00e3o, Daniela foi detida pela pol\u00edcia local. Durante sua pris\u00e3o preventiva na penitenci\u00e1ria feminina superlotada do pa\u00eds asi\u00e1tico, ela relatou condi\u00e7\u00f5es prec\u00e1rias e extors\u00e3o por criminosos que se passaram por ela para obter dinheiro da fam\u00edlia. O preju\u00edzo chega a R$ 27 mil.<\/p>\n<p>O caso chamou aten\u00e7\u00e3o para o crescente problema do aliciamento internacional, envolvendo propostas sedutoras, mas fraudulentas dirigidas a brasileiros. Segundo a Interpol, o sudeste asi\u00e1tico tornou-se um ponto cr\u00edtico desse tipo de crime organizado, com uma circula\u00e7\u00e3o de 3 trilh\u00f5es de d\u00f3lares por ano nessa atividade.<\/p>\n<p>O Minist\u00e9rio das Rela\u00e7\u00f5es Exteriores brasileiro acompanha o caso usando a embaixada no Camboja e tem prestado assist\u00eancia consular \u00e0 arquiteta. O Itamaraty tamb\u00e9m refor\u00e7ou os alertas sobre riscos associados ao aliciamento para esta regi\u00e3o espec\u00edfica do mundo.<\/p>\n<p>A fam\u00edlia de Daniela espera que este epis\u00f3dio sirva como um alerta sobre as perigosas armadilhas escondidas atr\u00e1s das promessas tentadoras oferecidas por golpistas internacionais.<\/p>\n<p><b>O PlayPlus agora \u00e9 RecordPlus: mais conte\u00fado da RECORD para voc\u00ea, ao vivo e de gra\u00e7a. Baixe o app <b><a href=\"https:\/\/descubra.recordplus.com\/\" rel=\"nofollow noopener\" target=\"_blank\">aqui!<\/a><\/b><\/b><\/p>\n","protected":false},"excerpt":{"rendered":"A arquiteta brasileira Daniela Marys Oliveira enfrenta um julgamento decisivo nesta quinta-feira (23), no Camboja. Detida h\u00e1 sete&hellip;\n","protected":false},"author":2,"featured_media":120664,"comment_status":"","ping_status":"","sticky":false,"template":"","format":"standard","meta":{"footnotes":""},"categories":[144],"tags":[207,205,206,203,201,202,928,204,618,114,115,32,33,2459],"class_list":{"0":"post-120663","1":"post","2":"type-post","3":"status-publish","4":"format-standard","5":"has-post-thumbnail","7":"category-arte-e-design","8":"tag-arte","9":"tag-arte-e-design","10":"tag-artedesign","11":"tag-arts","12":"tag-arts-and-design","13":"tag-artsanddesign","14":"tag-camboja","15":"tag-design","16":"tag-emprego","17":"tag-entertainment","18":"tag-entretenimento","19":"tag-portugal","20":"tag-pt","21":"tag-sudeste"},"share_on_mastodon":{"url":"https:\/\/pubeurope.com\/@pt\/115413347539113071","error":""},"_links":{"self":[{"href":"https:\/\/www.europesays.com\/pt\/wp-json\/wp\/v2\/posts\/120663","targetHints":{"allow":["GET"]}}],"collection":[{"href":"https:\/\/www.europesays.com\/pt\/wp-json\/wp\/v2\/posts"}],"about":[{"href":"https:\/\/www.europesays.com\/pt\/wp-json\/wp\/v2\/types\/post"}],"author":[{"embeddable":true,"href":"https:\/\/www.europesays.com\/pt\/wp-json\/wp\/v2\/users\/2"}],"replies":[{"embeddable":true,"href":"https:\/\/www.europesays.com\/pt\/wp-json\/wp\/v2\/comments?post=120663"}],"version-history":[{"count":0,"href":"https:\/\/www.europesays.com\/pt\/wp-json\/wp\/v2\/posts\/120663\/revisions"}],"wp:featuredmedia":[{"embeddable":true,"href":"https:\/\/www.europesays.com\/pt\/wp-json\/wp\/v2\/media\/120664"}],"wp:attachment":[{"href":"https:\/\/www.europesays.com\/pt\/wp-json\/wp\/v2\/media?parent=120663"}],"wp:term":[{"taxonomy":"category","embeddable":true,"href":"https:\/\/www.europesays.com\/pt\/wp-json\/wp\/v2\/categories?post=120663"},{"taxonomy":"post_tag","embeddable":true,"href":"https:\/\/www.europesays.com\/pt\/wp-json\/wp\/v2\/tags?post=120663"}],"curies":[{"name":"wp","href":"https:\/\/api.w.org\/{rel}","templated":true}]}}