{"id":120665,"date":"2025-10-21T17:32:59","date_gmt":"2025-10-21T17:32:59","guid":{"rendered":"https:\/\/www.europesays.com\/pt\/120665\/"},"modified":"2025-10-21T17:32:59","modified_gmt":"2025-10-21T17:32:59","slug":"lancamento-do-livro-fulvio-abramo-meio-seculo-de-luta-pela-4o-de-luta-pela-4o-internacional","status":"publish","type":"post","link":"https:\/\/www.europesays.com\/pt\/120665\/","title":{"rendered":"Lan\u00e7amento do livro FULVIO ABRAMO- Meio s\u00e9culo de luta pela 4\u00ba de luta pela 4\u00ba internacional"},"content":{"rendered":"<p>FULVIO ABRAMO<br \/>Meio s\u00e9culo de luta pela 4\u00aa de luta pela 4\u00aa Internacional<\/p>\n<p>Editora Nova Palavra publica entrevista in\u00e9dita de militante trotsquista brasileiro<\/p>\n<p>LAN\u00c7AMENTO DO LIVRO<br \/>Sexta, 24 de outubro de 2025<br \/>Sala Fulvio Abramo<br \/>Pra\u00e7a da Rep\u00fablica, 468 \u2013 7\u00ba Andar (ao lado da Rua Timbiras).<\/p>\n<p>Atividade marca o in\u00edcio das comemora\u00e7\u00f5es do anivers\u00e1rio de 50 anos da Corrente O Trabalho do PT, se\u00e7\u00e3o brasileira da 4\u00aa Internacional.<\/p>\n<p>SOBRE A OBRA<br \/>J\u00e1 est\u00e1 dispon\u00edvel a obra indispens\u00e1vel para compreender a hist\u00f3ria da luta pela 4\u00aa Internacional no Brasil: \u201cFulvio Abramo \u2014 meio s\u00e9culo de luta pela 4\u00aa Internacional no Brasil\u201d. O livro traz pela primeira vez em portugu\u00eas a entrevista hist\u00f3rica concedida por Fulvio Abramo em 1979 aos pesquisadores Pierre Brou\u00e9 e Victor Leonardi, para a revista francesa Cahiers L\u00e9on Trotsky, resgatando a trajet\u00f3ria de uma das lideran\u00e7as constitutivas do trotskismo brasileiro.<\/p>\n<p>Fulvio Abramo n\u00e3o foi apenas um militante; foi um protagonista de momentos decisivos, da funda\u00e7\u00e3o da Liga Comunista Internacionalista (LCI) \u00e0 luta antifascista na Pra\u00e7a da S\u00e9 em 1934, da mobiliza\u00e7\u00e3o revolucion\u00e1ria dos mineiros bolivianos \u00e0 participa\u00e7\u00e3o na cria\u00e7\u00e3o da CUT e do PT. Sua narrativa, aguda e cr\u00edtica, percorre meio s\u00e9culo de lutas, ex\u00edlios, pris\u00f5es e resist\u00eancia, oferecendo aos leitores um olhar vivo sobre os conflitos da luta de classe e as batalhas internas da luta pol\u00edtica da classe trabalhadora no Brasil que marcaram o s\u00e9culo XX.<\/p>\n<p>Al\u00e9m da entrevista, a edi\u00e7\u00e3o inclui um pref\u00e1cio elucidativo de Tiago Maciel, um caderno de fotos que enriquece a narrativa visual, e textos importantes de Abramo, como \u201cOposi\u00e7\u00e3o de Esquerda no Brasil\u201d e \u201c1917-1987 \u2013 Socialismo em Debate\u201d. A edi\u00e7\u00e3o tamb\u00e9m conta com uma de fotos que detalhada transformam o livro num registro hist\u00f3rico deste camarada.<\/p>\n<p>Esta publica\u00e7\u00e3o \u00e9 leitura obrigat\u00f3ria para militantes, historiadores e todos os que se interessam pela mem\u00f3ria pol\u00edtica e pela luta pela revolu\u00e7\u00e3o no Brasil e no mundo.<\/p>\n<p>Fulvio Abramo \u2014 meio s\u00e9culo de luta pela 4\u00aa Internacional no Brasil<br \/>Entrevista in\u00e9dita em portugu\u00eas realizada por Pierre Brou\u00e9 e Victor Leonardi.<br \/>Pref\u00e1cio: Tiago Maciel<br \/>Organiza\u00e7\u00e3o: Alexandre Linares<br \/>Editora Nova Palavra, 2025<br \/>120 p\u00e1ginas<br \/>Pre\u00e7o com desconto no lan\u00e7amento: R$ 35,00<\/p>\n","protected":false},"excerpt":{"rendered":"FULVIO ABRAMOMeio s\u00e9culo de luta pela 4\u00aa de luta pela 4\u00aa Internacional Editora Nova Palavra publica entrevista in\u00e9dita&hellip;\n","protected":false},"author":2,"featured_media":120666,"comment_status":"","ping_status":"","sticky":false,"template":"","format":"standard","meta":{"footnotes":""},"categories":[143],"tags":[169,114,115,170,32,33],"class_list":{"0":"post-120665","1":"post","2":"type-post","3":"status-publish","4":"format-standard","5":"has-post-thumbnail","7":"category-livros","8":"tag-books","9":"tag-entertainment","10":"tag-entretenimento","11":"tag-livros","12":"tag-portugal","13":"tag-pt"},"share_on_mastodon":{"url":"https:\/\/pubeurope.com\/@pt\/115413359272832749","error":""},"_links":{"self":[{"href":"https:\/\/www.europesays.com\/pt\/wp-json\/wp\/v2\/posts\/120665","targetHints":{"allow":["GET"]}}],"collection":[{"href":"https:\/\/www.europesays.com\/pt\/wp-json\/wp\/v2\/posts"}],"about":[{"href":"https:\/\/www.europesays.com\/pt\/wp-json\/wp\/v2\/types\/post"}],"author":[{"embeddable":true,"href":"https:\/\/www.europesays.com\/pt\/wp-json\/wp\/v2\/users\/2"}],"replies":[{"embeddable":true,"href":"https:\/\/www.europesays.com\/pt\/wp-json\/wp\/v2\/comments?post=120665"}],"version-history":[{"count":0,"href":"https:\/\/www.europesays.com\/pt\/wp-json\/wp\/v2\/posts\/120665\/revisions"}],"wp:featuredmedia":[{"embeddable":true,"href":"https:\/\/www.europesays.com\/pt\/wp-json\/wp\/v2\/media\/120666"}],"wp:attachment":[{"href":"https:\/\/www.europesays.com\/pt\/wp-json\/wp\/v2\/media?parent=120665"}],"wp:term":[{"taxonomy":"category","embeddable":true,"href":"https:\/\/www.europesays.com\/pt\/wp-json\/wp\/v2\/categories?post=120665"},{"taxonomy":"post_tag","embeddable":true,"href":"https:\/\/www.europesays.com\/pt\/wp-json\/wp\/v2\/tags?post=120665"}],"curies":[{"name":"wp","href":"https:\/\/api.w.org\/{rel}","templated":true}]}}