{"id":120667,"date":"2025-10-21T17:34:11","date_gmt":"2025-10-21T17:34:11","guid":{"rendered":"https:\/\/www.europesays.com\/pt\/120667\/"},"modified":"2025-10-21T17:34:11","modified_gmt":"2025-10-21T17:34:11","slug":"assim-e-a-cozinha-de-maria-botelho-moniz-num-dia-normal-secret-story","status":"publish","type":"post","link":"https:\/\/www.europesays.com\/pt\/120667\/","title":{"rendered":"Assim \u00e9 a cozinha de Maria Botelho Moniz num dia normal &#8211; Secret Story"},"content":{"rendered":"<p>Maria Botelho Moniz <a href=\"https:\/\/tvi.iol.pt\/secretstory\/fotos\/a-vida-da-familia-de-maria-botelho-moniz-em-fotos\/68f795edd34ee0c2fed18204\" rel=\"nofollow noopener\" target=\"_blank\">presenteou os seguidores com um registo da sua cozinha \u00abem fam\u00edlia\u00bb<\/a>, num dia como tantos outros, em que est\u00e1 acompanhada pelo noivo, Pedro Bianchi Prata e pelo filho Vicente, que faz dois anos no pr\u00f3ximo m\u00eas de novembro.\u00a0<\/p>\n<p>\u00abUm frame de fam\u00edlia apanhado por uma amiga que ficou em nossa casa uma semana. O Pedro a dar o jantar ao Vicente e eu a preparar tudo para recebermos um pequeno grupo para o \u00faltimo churrasco do ano. A vida de uma fam\u00edlia, a minha. Da qual me orgulho todos os dias \u2764\ufe0f\u00bb, escreveu a apresentadora no Instagram.\u00a0<\/p>\n<blockquote class=\"instagram-media\" data-instgrm-captioned=\"\" data-instgrm-permalink=\"https:\/\/www.instagram.com\/p\/DQEO9dEiPac\/?utm_source=ig_embed&amp;utm_campaign=loading\" data-instgrm-version=\"14\" style=\" background:#FFF; border:0; border-radius:3px; box-shadow:0 0 1px 0 rgba(0,0,0,0.5),0 1px 10px 0 rgba(0,0,0,0.15); margin: 1px; max-width:540px; min-width:326px; padding:0; width:99.375%; width:-webkit-calc(100% - 2px); width:calc(100% - 2px);\">\n<\/blockquote>\n<p>\u00a0<\/p>\n<p>Maria Botelho Moniz \u00e9 uma das figuras mais queridas da televis\u00e3o portuguesa, mas \u00e9 fora do ecr\u00e3 que vive o papel que mais a realiza: o de m\u00e3e e companheira. Ao lado do marido, o piloto Pedro Bianchi Prata, Maria construiu uma fam\u00edlia bonita, marcada pela cumplicidade e pela serenidade.<\/p>\n<p>O casal, que sempre se mostrou discreto, vive uma rela\u00e7\u00e3o s\u00f3lida e c\u00famplice, feita de apoio m\u00fatuo e de partilha genu\u00edna. Em 2023, nasceu o primeiro filho de ambos, o pequeno Vicente, que veio encher de luz e alegria a vida de Maria e Pedro.<\/p>\n<p>\u00a0<\/p>\n<p>Desde ent\u00e3o, a apresentadora tem partilhado, com a honestidade que a caracteriza, os altos e baixos da maternidade. Entre grava\u00e7\u00f5es e corridas, a fam\u00edlia procura sempre tempo para o essencial: os momentos simples, as gargalhadas e os gestos de ternura que definem o seu lar.<\/p>\n<p>Unidos pelo amor e pelo respeito, Maria, Pedro e Vicente formam uma das fam\u00edlias mais queridas do panorama nacional, um exemplo de que a felicidade se encontra nas coisas mais aut\u00eanticas e verdadeiras. Percorra a galeria que prepar\u00e1mos para si e veja esta e outras imagens dos tr\u00eas.\u00a0<\/p>\n<p>                        <script async src=\"\/\/www.instagram.com\/embed.js\"><\/script><\/p>\n","protected":false},"excerpt":{"rendered":"Maria Botelho Moniz presenteou os seguidores com um registo da sua cozinha \u00abem fam\u00edlia\u00bb, num dia como tantos&hellip;\n","protected":false},"author":2,"featured_media":120668,"comment_status":"","ping_status":"","sticky":false,"template":"","format":"standard","meta":{"footnotes":""},"categories":[142],"tags":[18706,114,115,18705,338,32,33,151,18704],"class_list":{"0":"post-120667","1":"post","2":"type-post","3":"status-publish","4":"format-standard","5":"has-post-thumbnail","7":"category-tv","8":"tag-bastidores-secret-story","9":"tag-entertainment","10":"tag-entretenimento","11":"tag-entrevistas-concorrentes-tvi","12":"tag-maria-botelho-moniz","13":"tag-portugal","14":"tag-pt","15":"tag-tv","16":"tag-vida-fora-da-casa"},"share_on_mastodon":{"url":"https:\/\/pubeurope.com\/@pt\/115413363121528177","error":""},"_links":{"self":[{"href":"https:\/\/www.europesays.com\/pt\/wp-json\/wp\/v2\/posts\/120667","targetHints":{"allow":["GET"]}}],"collection":[{"href":"https:\/\/www.europesays.com\/pt\/wp-json\/wp\/v2\/posts"}],"about":[{"href":"https:\/\/www.europesays.com\/pt\/wp-json\/wp\/v2\/types\/post"}],"author":[{"embeddable":true,"href":"https:\/\/www.europesays.com\/pt\/wp-json\/wp\/v2\/users\/2"}],"replies":[{"embeddable":true,"href":"https:\/\/www.europesays.com\/pt\/wp-json\/wp\/v2\/comments?post=120667"}],"version-history":[{"count":0,"href":"https:\/\/www.europesays.com\/pt\/wp-json\/wp\/v2\/posts\/120667\/revisions"}],"wp:featuredmedia":[{"embeddable":true,"href":"https:\/\/www.europesays.com\/pt\/wp-json\/wp\/v2\/media\/120668"}],"wp:attachment":[{"href":"https:\/\/www.europesays.com\/pt\/wp-json\/wp\/v2\/media?parent=120667"}],"wp:term":[{"taxonomy":"category","embeddable":true,"href":"https:\/\/www.europesays.com\/pt\/wp-json\/wp\/v2\/categories?post=120667"},{"taxonomy":"post_tag","embeddable":true,"href":"https:\/\/www.europesays.com\/pt\/wp-json\/wp\/v2\/tags?post=120667"}],"curies":[{"name":"wp","href":"https:\/\/api.w.org\/{rel}","templated":true}]}}