{"id":120681,"date":"2025-10-21T17:43:07","date_gmt":"2025-10-21T17:43:07","guid":{"rendered":"https:\/\/www.europesays.com\/pt\/120681\/"},"modified":"2025-10-21T17:43:07","modified_gmt":"2025-10-21T17:43:07","slug":"detido-autor-do-ataque-com-arma-branca-que-feriu-oito-pessoas-em-santarem-2","status":"publish","type":"post","link":"https:\/\/www.europesays.com\/pt\/120681\/","title":{"rendered":"Detido autor do ataque com arma branca que feriu oito pessoas em Santar\u00e9m"},"content":{"rendered":"<p>&#13;<br \/>\n(em atualiza\u00e7\u00e3o)<\/p>\n<p>O autor do esfaqueamento num centro de tratamento de toxicodepend\u00eancia em Santar\u00e9m j\u00e1 foi detido, segundo confirmou a GNR \u00e0 Antena 1.<\/p>\n<p>Tudo indica que o autor do esfaqueamento era um utente da unidade de tratamento de toxicodepend\u00eancia em Almoster, onde se deu o ataque, explica o capit\u00e3o Jo\u00e3o Romano, oficial das rela\u00e7\u00f5es p\u00fablicas da GNR de Santar\u00e9m.<\/p>\n<p>H\u00e1 oito feridos entre eles encontra-se o autor do ataque. O incidente aconteceu por volta das 14h30 desta ter\u00e7a-feira. <\/p>\n<p>Os dois feridos graves foram encaminhados para os Hospitais de Vila Franca de Xira e Santar\u00e9m, segundo informa\u00e7\u00e3o da Prote\u00e7\u00e3o Civil \u00e0 RTP.&#13;\n<\/p>\n<p>&#13;<br \/>\nH\u00e1 ainda registo de quatro feridos leves que tamb\u00e9m foram encaminhados para unidades hospitalares.\u00a0&#13;<\/p>\n","protected":false},"excerpt":{"rendered":"&#13; (em atualiza\u00e7\u00e3o) O autor do esfaqueamento num centro de tratamento de toxicodepend\u00eancia em Santar\u00e9m j\u00e1 foi detido,&hellip;\n","protected":false},"author":2,"featured_media":120596,"comment_status":"","ping_status":"","sticky":false,"template":"","format":"standard","meta":{"footnotes":""},"categories":[10],"tags":[27,28,15,16,14,25,26,21,22,12,13,19,20,32,23,24,6821,33,519,17,18,29,30,31],"class_list":{"0":"post-120681","1":"post","2":"type-post","3":"status-publish","4":"format-standard","5":"has-post-thumbnail","7":"category-portugal","8":"tag-breaking-news","9":"tag-breakingnews","10":"tag-featured-news","11":"tag-featurednews","12":"tag-headlines","13":"tag-latest-news","14":"tag-latestnews","15":"tag-main-news","16":"tag-mainnews","17":"tag-news","18":"tag-noticias","19":"tag-noticias-principais","20":"tag-noticiasprincipais","21":"tag-portugal","22":"tag-principais-noticias","23":"tag-principaisnoticias","24":"tag-protecao","25":"tag-pt","26":"tag-santarem","27":"tag-top-stories","28":"tag-topstories","29":"tag-ultimas","30":"tag-ultimas-noticias","31":"tag-ultimasnoticias"},"share_on_mastodon":{"url":"https:\/\/pubeurope.com\/@pt\/115413398509216764","error":""},"_links":{"self":[{"href":"https:\/\/www.europesays.com\/pt\/wp-json\/wp\/v2\/posts\/120681","targetHints":{"allow":["GET"]}}],"collection":[{"href":"https:\/\/www.europesays.com\/pt\/wp-json\/wp\/v2\/posts"}],"about":[{"href":"https:\/\/www.europesays.com\/pt\/wp-json\/wp\/v2\/types\/post"}],"author":[{"embeddable":true,"href":"https:\/\/www.europesays.com\/pt\/wp-json\/wp\/v2\/users\/2"}],"replies":[{"embeddable":true,"href":"https:\/\/www.europesays.com\/pt\/wp-json\/wp\/v2\/comments?post=120681"}],"version-history":[{"count":0,"href":"https:\/\/www.europesays.com\/pt\/wp-json\/wp\/v2\/posts\/120681\/revisions"}],"wp:featuredmedia":[{"embeddable":true,"href":"https:\/\/www.europesays.com\/pt\/wp-json\/wp\/v2\/media\/120596"}],"wp:attachment":[{"href":"https:\/\/www.europesays.com\/pt\/wp-json\/wp\/v2\/media?parent=120681"}],"wp:term":[{"taxonomy":"category","embeddable":true,"href":"https:\/\/www.europesays.com\/pt\/wp-json\/wp\/v2\/categories?post=120681"},{"taxonomy":"post_tag","embeddable":true,"href":"https:\/\/www.europesays.com\/pt\/wp-json\/wp\/v2\/tags?post=120681"}],"curies":[{"name":"wp","href":"https:\/\/api.w.org\/{rel}","templated":true}]}}