{"id":120684,"date":"2025-10-21T17:46:13","date_gmt":"2025-10-21T17:46:13","guid":{"rendered":"https:\/\/www.europesays.com\/pt\/120684\/"},"modified":"2025-10-21T17:46:13","modified_gmt":"2025-10-21T17:46:13","slug":"escultura-de-45-toneladas-vira-habitat-para-vida-marinha-no-japao","status":"publish","type":"post","link":"https:\/\/www.europesays.com\/pt\/120684\/","title":{"rendered":"Escultura de 45 toneladas vira habitat para vida marinha no Jap\u00e3o"},"content":{"rendered":"<p>Instalada a cinco metros de profundidade na ilha de Tokunoshima, &#8220;Ocean Gaia&#8221; \u00e9 a primeira escultura submarina do Jap\u00e3o<\/p>\n<p><img decoding=\"async\" src=\"https:\/\/www.europesays.com\/pt\/wp-content\/uploads\/2025\/10\/escultura-1-1920x1080.jpg\" class=\"attachment-banner size-banner\" alt=\"escultura-1-1920x1080\" loading=\"eager\" fetchpriority=\"high\" width=\"1920\" height=\"1080\"\/><br \/>\n\t\t\tImagem: divulga\u00e7\u00e3o\/Jason deCaires Taylor<\/p>\n<p>Compartilhe esta mat\u00e9ria<\/p>\n<p>A primeira <a href=\"https:\/\/olhardigital.com.br\/tag\/escultura\/\" target=\"_blank\" rel=\"noreferrer noopener nofollow\">escultura<\/a> submarina do <a href=\"https:\/\/olhardigital.com.br\/tag\/japao\/\" target=\"_blank\" rel=\"noreferrer noopener nofollow\">Jap\u00e3o<\/a> foi apresentada oficialmente no \u00faltimo dia 14 de outubro. Chamada \u201cOcean Gaia\u201d, a obra representa um retrato em grande escala da modelo japonesa Kiko Mizuhara.<\/p>\n<p>A obra, criada pelo artista brit\u00e2nico Jason deCaires Taylor, foi instalada a cinco metros de profundidade na ilha de Tokunoshima, no arquip\u00e9lago de Amami. Ela pesa mais de 45 toneladas e tem 5,5 metros de largura.<\/p>\n<p><img loading=\"lazy\" decoding=\"async\" width=\"1024\" height=\"678\" src=\"https:\/\/www.europesays.com\/pt\/wp-content\/uploads\/2025\/10\/obra-japao-1-1024x678.jpg\" alt=\"\" class=\"wp-image-1204251\"  \/>Obra retrata modelo japonesa (Imagem: divulga\u00e7\u00e3o\/Jason deCaires Taylor)<strong>Escultura permite passagem de peixes<\/strong><\/p>\n<p>Segundo informa\u00e7\u00f5es do <a href=\"https:\/\/noticias.uol.com.br\/internacional\/ultimas-noticias\/2025\/10\/20\/escultura-de-45-toneladas-e-instalada-no-fundo-do-mar-japones.htm\" target=\"_blank\" rel=\"noreferrer noopener nofollow\">UOL<\/a>, o projeto levou em conta diversas preocupa\u00e7\u00f5es ambientais. A estrutura foi constru\u00edda com cimento de pH neutro e a\u00e7o inoxid\u00e1vel mar\u00edtimo, materiais que favorecem o crescimento natural de corais.\u00a0<\/p>\n<p>\u201cOcean Gaia\u201d foi posicionada pr\u00f3xima \u00e0 costa e integra o recife de franja da regi\u00e3o.\u00a0Seu desenho inclui aberturas nas laterais que permitem a passagem de peixes e corais, tornando o local um habitat artificial para a vida marinha.<\/p>\n<p><img loading=\"lazy\" decoding=\"async\" width=\"1024\" height=\"504\" src=\"https:\/\/www.europesays.com\/pt\/wp-content\/uploads\/2025\/10\/Vida-marinha-1-1-1024x504.jpg\" alt=\"\" class=\"wp-image-1105040\"  \/>Ideia \u00e9 que obra seja um habitat artificial para animais marinhos (Imagem: Solarisys\/Shutterstock)<\/p>\n<p>As curvas suaves da obra lembram os c\u00edrculos de areia criados pelo baiacu-de-manchas-brancas japon\u00eas (Torquigener albomaculosus), esp\u00e9cie t\u00edpica das \u00e1guas locais.\u00a0A forma tamb\u00e9m faz refer\u00eancia \u00e0s montanhas de Tokunoshima, cuja silhueta \u00e9 associada a uma mulher gr\u00e1vida adormecida, s\u00edmbolo da fertilidade e do ciclo da vida. <\/p>\n<p><strong>Leia mais<\/strong><\/p>\n<p><strong>Uma homenagem ao oceano<\/strong><\/p>\n<ul>\n<li>A escolha da ilha de Tokunoshima se deu por conta de sua alta taxa de natalidade, vida longeva e rela\u00e7\u00e3o profunda com o mar.\u00a0<\/li>\n<li>O local \u00e9 conhecido por abrigar um grande n\u00famero de centen\u00e1rios e pelo estilo de vida saud\u00e1vel da popula\u00e7\u00e3o.<\/li>\n<li>O artista afirmou que \u201cOcean Gaia representa tanto um s\u00edmbolo de renova\u00e7\u00e3o quanto um gesto de reconex\u00e3o entre as pessoas, o mar e a continuidade da vida\u201d. <\/li>\n<li>A ideia \u00e9 valorizar o oceano como \u201ca fonte de onde toda a vida surgiu\u201d.<\/li>\n<li>Jason deCaires Taylor ainda ressaltou que a obra tem como objetivo reaproximar os jovens japoneses do oceano, em um momento em que muitos deixam as ilhas rumo \u00e0s grandes cidades.<\/li>\n<\/ul>\n<p>\t\t\t\t\t&#13;<br \/>\n\t\t\t\t\t&#13;<\/p>\n<p>\t\t\t\t\t\t<img decoding=\"async\" src=\"https:\/\/www.europesays.com\/pt\/wp-content\/uploads\/2025\/08\/Alessandro-Di-Lorenzo-150x150.jpg\" width=\"150\" height=\"150\" alt=\"Alessandro Di Lorenzo\" loading=\"lazy\"\/><\/p>\n<p>Colabora\u00e7\u00e3o para o Olhar Digital<\/p>\n<p>Alessandro Di Lorenzo \u00e9 formado em Jornalismo pela Universidade Federal do Rio Grande do Sul (UFRGS) e atua na \u00e1rea desde 2014. Trabalhou nas reda\u00e7\u00f5es da BandNews FM em Porto Alegre e em S\u00e3o Paulo.<\/p>\n<p>\t\t\t\t&#13;<br \/>\n\t\t\t\t\t&#13;<\/p>\n","protected":false},"excerpt":{"rendered":"Instalada a cinco metros de profundidade na ilha de Tokunoshima, &#8220;Ocean Gaia&#8221; \u00e9 a primeira escultura submarina do&hellip;\n","protected":false},"author":2,"featured_media":120685,"comment_status":"","ping_status":"","sticky":false,"template":"","format":"standard","meta":{"footnotes":""},"categories":[144],"tags":[207,205,206,203,201,202,204,114,115,32,33],"class_list":{"0":"post-120684","1":"post","2":"type-post","3":"status-publish","4":"format-standard","5":"has-post-thumbnail","7":"category-arte-e-design","8":"tag-arte","9":"tag-arte-e-design","10":"tag-artedesign","11":"tag-arts","12":"tag-arts-and-design","13":"tag-artsanddesign","14":"tag-design","15":"tag-entertainment","16":"tag-entretenimento","17":"tag-portugal","18":"tag-pt"},"share_on_mastodon":{"url":"https:\/\/pubeurope.com\/@pt\/115413410351200363","error":""},"_links":{"self":[{"href":"https:\/\/www.europesays.com\/pt\/wp-json\/wp\/v2\/posts\/120684","targetHints":{"allow":["GET"]}}],"collection":[{"href":"https:\/\/www.europesays.com\/pt\/wp-json\/wp\/v2\/posts"}],"about":[{"href":"https:\/\/www.europesays.com\/pt\/wp-json\/wp\/v2\/types\/post"}],"author":[{"embeddable":true,"href":"https:\/\/www.europesays.com\/pt\/wp-json\/wp\/v2\/users\/2"}],"replies":[{"embeddable":true,"href":"https:\/\/www.europesays.com\/pt\/wp-json\/wp\/v2\/comments?post=120684"}],"version-history":[{"count":0,"href":"https:\/\/www.europesays.com\/pt\/wp-json\/wp\/v2\/posts\/120684\/revisions"}],"wp:featuredmedia":[{"embeddable":true,"href":"https:\/\/www.europesays.com\/pt\/wp-json\/wp\/v2\/media\/120685"}],"wp:attachment":[{"href":"https:\/\/www.europesays.com\/pt\/wp-json\/wp\/v2\/media?parent=120684"}],"wp:term":[{"taxonomy":"category","embeddable":true,"href":"https:\/\/www.europesays.com\/pt\/wp-json\/wp\/v2\/categories?post=120684"},{"taxonomy":"post_tag","embeddable":true,"href":"https:\/\/www.europesays.com\/pt\/wp-json\/wp\/v2\/tags?post=120684"}],"curies":[{"name":"wp","href":"https:\/\/api.w.org\/{rel}","templated":true}]}}