{"id":120688,"date":"2025-10-21T17:54:08","date_gmt":"2025-10-21T17:54:08","guid":{"rendered":"https:\/\/www.europesays.com\/pt\/120688\/"},"modified":"2025-10-21T17:54:08","modified_gmt":"2025-10-21T17:54:08","slug":"padre-invade-radio-e-agride-locutor-ao-vivo-em-minas-ouca","status":"publish","type":"post","link":"https:\/\/www.europesays.com\/pt\/120688\/","title":{"rendered":"Padre invade r\u00e1dio e agride locutor ao vivo em Minas; ou\u00e7a"},"content":{"rendered":"<p><img decoding=\"async\" fetchpriority=\"high\" src=\"https:\/\/www.europesays.com\/pt\/wp-content\/uploads\/2025\/10\/evhisvo1kzqxjnts1mzevu09i.jpg\" width=\"906\" height=\"509\" alt=\"Padre invade r\u00e1dio e agride locutor de 83 anos ao vivo em Minas\" title=\"Padre invade r\u00e1dio e agride locutor de 83 anos ao vivo em Minas\"\/>Google Street View<\/p>\n<p>Padre invade r\u00e1dio e agride locutor de 83 anos ao vivo em Minas<\/p>\n<p class=\"\">Um epis\u00f3dio <strong>inusitado e violento<\/strong> marcou o \u00faltimo domingo (19) em Bambu\u00ed, no Centro-Oeste de Minas Gerais. O\u00a0 <a href=\"https:\/\/ultimosegundo.ig.com.br\/brasil\/2025-10-15\/padre-e-pego-no-flagra-com-noiva-de-fiel-escondida-embaixo-da-pia.html\" target=\"_blank\" rel=\"noopener nofollow\" data-mce-href=\"https:\/\/ultimosegundo.ig.com.br\/brasil\/2025-10-15\/padre-e-pego-no-flagra-com-noiva-de-fiel-escondida-embaixo-da-pia.html\" data-mce->padre<\/a> Edson Augusto Teixeira, de 55 anos, respons\u00e1vel pela Par\u00f3quia Sant\u2019Ana, <strong>invadiu o est\u00fadio de uma r\u00e1dio local<\/strong> e agrediu o radialista <strong>J\u00e9sus de Carvalho Chaves, de 83 anos<\/strong>, durante a transmiss\u00e3o ao vivo do programa <strong>\u201cDoming\u00e3o do Jes\u00e3o\u201d<\/strong>.<\/p>\n<p>O\u00a0religioso teria se irritado com um coment\u00e1rio feito pelo apresentador sobre a restaura\u00e7\u00e3o de pinturas e pe\u00e7as sacras, o que teria motivado a invas\u00e3o e a confus\u00e3o no local.<\/p>\n<p>Um \u00e1udio do momento da briga circula nas redes sociais e mostra a interrup\u00e7\u00e3o repentina da transmiss\u00e3o. Segundo testemunhas, o locutor ficou bastante abalado, mas sofreu apenas ferimentos leves. Ap\u00f3s o ocorrido, ele procurou o quartel da Pol\u00edcia Militar e registrou um boletim de ocorr\u00eancia.<\/p>\n<p>O caso ganhou repercuss\u00e3o nas redes sociais e dividiu opini\u00f5es entre fi\u00e9is da comunidade. Enquanto alguns pedem compreens\u00e3o e calma at\u00e9 o esclarecimento dos fatos, outros cobram uma posi\u00e7\u00e3o mais firme da Igreja diante da atitude do padre.<\/p>\n<p>Em nota enviada ao <strong>Portal iG<\/strong>, a Diocese de Luz, \u00e0 qual pertence a par\u00f3quia de Bambu\u00ed, afirmou que \u201cacompanhar\u00e1 a apura\u00e7\u00e3o com a seriedade que o caso exige\u201d e que, at\u00e9 o momento, n\u00e3o h\u00e1 um posicionamento conclusivo, j\u00e1 que os acontecimentos ainda est\u00e3o sendo verificados.<\/p>\n<p>A Diocese destacou tamb\u00e9m que o padre Edson \u201csempre pautou sua atua\u00e7\u00e3o por uma conduta ponderada, respeitosa e pastoral\u201d, mas ressaltou que, se necess\u00e1rio, poder\u00e3o ser tomadas provid\u00eancias conforme o C\u00f3digo de Direito Can\u00f4nico.<\/p>\n<p>Nota da Diocese de Luz na \u00edntegra<\/p>\n<p>\u201cA Diocese de Luz informa que est\u00e1 tomando ci\u00eancia do fato ocorrido, neste domingo (19), em Bambu\u00ed &#8211; MG, envolvendo o Revmo. Pe. Edson Augusto Teixeira e acompanhar\u00e1 a apura\u00e7\u00e3o com a seriedade que o caso exige. At\u00e9 o momento, n\u00e3o h\u00e1 qualquer posicionamento conclusivo, uma vez que os acontecimentos ainda est\u00e3o sendo verificados.<\/p>\n<p>\u00c9 importante destacar que, ao longo de seu minist\u00e9rio, o Revmo. Pe. Edson sempre pautou sua atua\u00e7\u00e3o por uma conduta ponderada, respeitosa e pastoral. No entanto, diante das informa\u00e7\u00f5es veiculadas, a Diocese se compromete a acompanhar o processo e, se necess\u00e1rio, tomar as devidas provid\u00eancias conforme orienta o C\u00f3digo de Direito Can\u00f4nico e as Diretrizes Pastorais e Sacramentais da Diocese de Luz.<\/p>\n<p>Reiteramos nosso compromisso com a verdade, com a \u00e9tica e com o respeito a todas as partes envolvidas, mantendo sempre o di\u00e1logo aberto e a transpar\u00eancia.<\/p>\n<p>Dado e passado na C\u00faria Diocesana de Luz, aos vinte dias do m\u00eas de outubro do ano de dois mil e vinte e cinco (20\/10\/2025).\u201d<\/p>\n","protected":false},"excerpt":{"rendered":"Google Street View Padre invade r\u00e1dio e agride locutor de 83 anos ao vivo em Minas Um epis\u00f3dio&hellip;\n","protected":false},"author":2,"featured_media":120689,"comment_status":"","ping_status":"","sticky":false,"template":"","format":"standard","meta":{"footnotes":""},"categories":[141],"tags":[5571,3056,27983,114,115,1499,149,150,25326,32,33,766,27984],"class_list":{"0":"post-120688","1":"post","2":"type-post","3":"status-publish","4":"format-standard","5":"has-post-thumbnail","7":"category-musica","8":"tag-agressao","9":"tag-ao-vivo","10":"tag-diocese-acompanha-o-caso","11":"tag-entertainment","12":"tag-entretenimento","13":"tag-minas-gerais","14":"tag-music","15":"tag-musica","16":"tag-padre","17":"tag-portugal","18":"tag-pt","19":"tag-radio","20":"tag-radio-canastra-fm"},"share_on_mastodon":{"url":"https:\/\/pubeurope.com\/@pt\/115413441876825676","error":""},"_links":{"self":[{"href":"https:\/\/www.europesays.com\/pt\/wp-json\/wp\/v2\/posts\/120688","targetHints":{"allow":["GET"]}}],"collection":[{"href":"https:\/\/www.europesays.com\/pt\/wp-json\/wp\/v2\/posts"}],"about":[{"href":"https:\/\/www.europesays.com\/pt\/wp-json\/wp\/v2\/types\/post"}],"author":[{"embeddable":true,"href":"https:\/\/www.europesays.com\/pt\/wp-json\/wp\/v2\/users\/2"}],"replies":[{"embeddable":true,"href":"https:\/\/www.europesays.com\/pt\/wp-json\/wp\/v2\/comments?post=120688"}],"version-history":[{"count":0,"href":"https:\/\/www.europesays.com\/pt\/wp-json\/wp\/v2\/posts\/120688\/revisions"}],"wp:featuredmedia":[{"embeddable":true,"href":"https:\/\/www.europesays.com\/pt\/wp-json\/wp\/v2\/media\/120689"}],"wp:attachment":[{"href":"https:\/\/www.europesays.com\/pt\/wp-json\/wp\/v2\/media?parent=120688"}],"wp:term":[{"taxonomy":"category","embeddable":true,"href":"https:\/\/www.europesays.com\/pt\/wp-json\/wp\/v2\/categories?post=120688"},{"taxonomy":"post_tag","embeddable":true,"href":"https:\/\/www.europesays.com\/pt\/wp-json\/wp\/v2\/tags?post=120688"}],"curies":[{"name":"wp","href":"https:\/\/api.w.org\/{rel}","templated":true}]}}