{"id":120690,"date":"2025-10-21T17:56:09","date_gmt":"2025-10-21T17:56:09","guid":{"rendered":"https:\/\/www.europesays.com\/pt\/120690\/"},"modified":"2025-10-21T17:56:09","modified_gmt":"2025-10-21T17:56:09","slug":"morreu-o-adepto-que-carregou-maradona-em-ombros-no-mexico-86","status":"publish","type":"post","link":"https:\/\/www.europesays.com\/pt\/120690\/","title":{"rendered":"Morreu o adepto que carregou Maradona em ombros no M\u00e9xico 86"},"content":{"rendered":"<p>Roberto Cejas, o homem que carregou Diego Armando Maradona \u00e0s cavalitas durante a celebra\u00e7\u00e3o do t\u00edtulo no Mundial de 86, morreu no domingo, aos 68 anos, v\u00edtima de doen\u00e7a prolongada.<\/p>\n<p>Cejas tinha 29 anos quando saltou o fosso e entrou no relvado do Est\u00e1dio Azteca, na Cidade do M\u00e9xico, assim que o \u00e1rbitro apitou para o final do jogo com a Alemanha, que consagrou a albiceleste como campe\u00e3 mundial pela segunda vez.<\/p>\n<p>\u00abDe repente, fic\u00e1mos frente a frente e no segundo a seguir j\u00e1 o tinha aos ombros. N\u00e3o fui buscar o Diego. Quando me dei conta, tinha-o em cima de mim e dava a volta ao est\u00e1dio com aquele calor todo. Ele s\u00f3 me dizia: &#8216;Leva-me para aqui, leva-me para ali&#8217;\u00bb, recordou, anos depois, o adepto que, sem bilhete, conseguiu entrar no est\u00e1dio ap\u00f3s pagar, com um grupo de amigos, 17 d\u00f3lares a um controlador.<\/p>\n<p>Por causa de um gesto espont\u00e2neo, Roberto Cejas acabou por ser um dos protagonistas de uma das mais ic\u00f3nicas imagens da hist\u00f3ria do futebol mundial, que originou inclusive capas de livros.<\/p>\n<p>Ao longo das \u00faltimas d\u00e9cadas, o conhecido aficionado esteve presente em v\u00e1rias competi\u00e7\u00f5es internacional, mas falhou as finais dos Mundiais de 1990 e de 2014, nos quais a Argentina foi derrotada na partida de atribui\u00e7\u00e3o do t\u00edtulo.<\/p>\n<p>Em 2022, com o apoio de v\u00e1rias pessoas que possibilitaram a viagem para o Qatar, marcou presen\u00e7a no jogo do t\u00edtulo diante de Fran\u00e7a. \u00abVou tentar levantar Messi\u00bb, afirmou em tom de brincadeira antes da partida que voltou a consagrar a albiceleste como campe\u00e3 mundial 36 anos depois do M\u00e9xico 86.<\/p>\n<p><img loading=\"lazy\" decoding=\"async\" alt=\"\" height=\"650\" src=\"https:\/\/www.europesays.com\/pt\/wp-content\/uploads\/2025\/10\/68f79431d34e58bc679724fd.webp\" width=\"457\"\/><\/p>\n","protected":false},"excerpt":{"rendered":"Roberto Cejas, o homem que carregou Diego Armando Maradona \u00e0s cavalitas durante a celebra\u00e7\u00e3o do t\u00edtulo no Mundial&hellip;\n","protected":false},"author":2,"featured_media":120691,"comment_status":"","ping_status":"","sticky":false,"template":"","format":"standard","meta":{"footnotes":""},"categories":[87],"tags":[2424,135,27987,82,46,27986,32,33,47,27985,134],"class_list":{"0":"post-120690","1":"post","2":"type-post","3":"status-publish","4":"format-standard","5":"has-post-thumbnail","7":"category-desporto","8":"tag-argentina","9":"tag-desporto","10":"tag-diego-maradona","11":"tag-internacional","12":"tag-maisfutebol","13":"tag-maradona","14":"tag-portugal","15":"tag-pt","16":"tag-pura-paixao","17":"tag-roberto-cejas","18":"tag-sports"},"share_on_mastodon":{"url":"https:\/\/pubeurope.com\/@pt\/115413450277759785","error":""},"_links":{"self":[{"href":"https:\/\/www.europesays.com\/pt\/wp-json\/wp\/v2\/posts\/120690","targetHints":{"allow":["GET"]}}],"collection":[{"href":"https:\/\/www.europesays.com\/pt\/wp-json\/wp\/v2\/posts"}],"about":[{"href":"https:\/\/www.europesays.com\/pt\/wp-json\/wp\/v2\/types\/post"}],"author":[{"embeddable":true,"href":"https:\/\/www.europesays.com\/pt\/wp-json\/wp\/v2\/users\/2"}],"replies":[{"embeddable":true,"href":"https:\/\/www.europesays.com\/pt\/wp-json\/wp\/v2\/comments?post=120690"}],"version-history":[{"count":0,"href":"https:\/\/www.europesays.com\/pt\/wp-json\/wp\/v2\/posts\/120690\/revisions"}],"wp:featuredmedia":[{"embeddable":true,"href":"https:\/\/www.europesays.com\/pt\/wp-json\/wp\/v2\/media\/120691"}],"wp:attachment":[{"href":"https:\/\/www.europesays.com\/pt\/wp-json\/wp\/v2\/media?parent=120690"}],"wp:term":[{"taxonomy":"category","embeddable":true,"href":"https:\/\/www.europesays.com\/pt\/wp-json\/wp\/v2\/categories?post=120690"},{"taxonomy":"post_tag","embeddable":true,"href":"https:\/\/www.europesays.com\/pt\/wp-json\/wp\/v2\/tags?post=120690"}],"curies":[{"name":"wp","href":"https:\/\/api.w.org\/{rel}","templated":true}]}}