{"id":120707,"date":"2025-10-21T18:08:10","date_gmt":"2025-10-21T18:08:10","guid":{"rendered":"https:\/\/www.europesays.com\/pt\/120707\/"},"modified":"2025-10-21T18:08:10","modified_gmt":"2025-10-21T18:08:10","slug":"jovem-pan-fm-inicia-campanha-institucional-ao-alcancar-o-top-3-em-audiencia-em-sao-jose-dos-campos-sp","status":"publish","type":"post","link":"https:\/\/www.europesays.com\/pt\/120707\/","title":{"rendered":"Jovem Pan FM inicia campanha institucional ao alcan\u00e7ar o Top 3 em audi\u00eancia\u00a0 em\u00a0S\u00e3o Jos\u00e9 dos Campos (SP)"},"content":{"rendered":"<p>A <strong>Jovem Pan FM 94.3 de S\u00e3o Jos\u00e9 dos Campos<\/strong> deu in\u00edcio a uma <strong>campanha institucional<\/strong> para destacar seu atual desempenho no mercado regional, impulsionada pelos resultados da mais recente medi\u00e7\u00e3o da Kantar IBOPE Media <strong>(06h-19h\/segunda \u00e0 sexta-feira, 7 a 15 de setembro de 2025)<\/strong>. A emissora passou a figurar no <strong>Top 3<\/strong> em audi\u00eancia e cobertura no filtro, e tamb\u00e9m foi a r\u00e1dio com o maior crescimento de ouvintes por minuto no comparativo com 2024.<\/p>\n<p>De acordo com o levantamento, a <strong>Jovem Pan FM<\/strong>\u00a0atingiu a marca de <strong>6.479 ouvintes por minuto (OPM#)<\/strong> e <strong>45.393,77 em cobertura di\u00e1ria (COBDIA#).\u00a0<\/strong>Outro ponto de destaque foi o crescimento no n\u00famero de ouvintes por minuto.<\/p>\n<p>A emissora avan\u00e7ou de 4.032,82 OPM# em 2024 para 6.479,00 OPM# em 2025, registrando um aumento de <strong>2.446,18 ouvintes por minuto<\/strong>, o que representa um crescimento de <strong>60,66%<\/strong>. Foi a maior alta entre todas as emissoras medidas no per\u00edodo analisado.<\/p>\n<p style=\"text-align:center\"><img decoding=\"async\" alt=\"\" src=\"https:\/\/www.europesays.com\/pt\/wp-content\/uploads\/2025\/10\/68f780ba29004.png\" style=\"height:600px; width:418px\" \/><\/p>\n<p>Com base nesses resultados, a emissora lan\u00e7ou uma campanha institucional com foco no mercado regional. A a\u00e7\u00e3o contempla <strong>inser\u00e7\u00f5es promocionais no ar, conte\u00fados em redes sociais e materiais voltados a ag\u00eancias e anunciantes<\/strong>, com o objetivo de refor\u00e7ar a posi\u00e7\u00e3o da <strong>Jovem Pan FM<\/strong> como uma das l\u00edderes de audi\u00eancia da regi\u00e3o.<\/p>\n<p>Os dados s\u00e3o referentes \u00e0 faixa das <strong>6h \u00e0s 19h<\/strong>, de segunda a sexta-feira, considerando a semana de <strong>8 a 15 de setembro de 2025<\/strong>, em compara\u00e7\u00e3o com o mesmo recorte de <strong>12 a 19 de agosto de 2024<\/strong>. A pesquisa considera audi\u00eancia e cobertura em <strong>FM+WEB<\/strong>, abrangendo ambos os sexos.<\/p>\n<p>&#13;<br \/>\n\t\t\t\tTags:&#13;<br \/>\n\t\t\t\tJovem Pan FM, S\u00e3o Jos\u00e9 dos Campos, audi\u00eancia, Kantar IBOPE Media, campanha institucional, r\u00e1dio FM, crescimento de audi\u00eancia&#13;\n\t\t\t<\/p>\n","protected":false},"excerpt":{"rendered":"A Jovem Pan FM 94.3 de S\u00e3o Jos\u00e9 dos Campos deu in\u00edcio a uma campanha institucional para destacar&hellip;\n","protected":false},"author":2,"featured_media":120708,"comment_status":"","ping_status":"","sticky":false,"template":"","format":"standard","meta":{"footnotes":""},"categories":[141],"tags":[18048,27990,27991,114,115,26883,27812,149,150,32,33,26558,3567],"class_list":{"0":"post-120707","1":"post","2":"type-post","3":"status-publish","4":"format-standard","5":"has-post-thumbnail","7":"category-musica","8":"tag-audiencia","9":"tag-campanha-institucional","10":"tag-crescimento-de-audiencia","11":"tag-entertainment","12":"tag-entretenimento","13":"tag-jovem-pan-fm","14":"tag-kantar-ibope-media","15":"tag-music","16":"tag-musica","17":"tag-portugal","18":"tag-pt","19":"tag-radio-fm","20":"tag-sao-jose-dos-campos"},"share_on_mastodon":{"url":"https:\/\/pubeurope.com\/@pt\/115413497034368047","error":""},"_links":{"self":[{"href":"https:\/\/www.europesays.com\/pt\/wp-json\/wp\/v2\/posts\/120707","targetHints":{"allow":["GET"]}}],"collection":[{"href":"https:\/\/www.europesays.com\/pt\/wp-json\/wp\/v2\/posts"}],"about":[{"href":"https:\/\/www.europesays.com\/pt\/wp-json\/wp\/v2\/types\/post"}],"author":[{"embeddable":true,"href":"https:\/\/www.europesays.com\/pt\/wp-json\/wp\/v2\/users\/2"}],"replies":[{"embeddable":true,"href":"https:\/\/www.europesays.com\/pt\/wp-json\/wp\/v2\/comments?post=120707"}],"version-history":[{"count":0,"href":"https:\/\/www.europesays.com\/pt\/wp-json\/wp\/v2\/posts\/120707\/revisions"}],"wp:featuredmedia":[{"embeddable":true,"href":"https:\/\/www.europesays.com\/pt\/wp-json\/wp\/v2\/media\/120708"}],"wp:attachment":[{"href":"https:\/\/www.europesays.com\/pt\/wp-json\/wp\/v2\/media?parent=120707"}],"wp:term":[{"taxonomy":"category","embeddable":true,"href":"https:\/\/www.europesays.com\/pt\/wp-json\/wp\/v2\/categories?post=120707"},{"taxonomy":"post_tag","embeddable":true,"href":"https:\/\/www.europesays.com\/pt\/wp-json\/wp\/v2\/tags?post=120707"}],"curies":[{"name":"wp","href":"https:\/\/api.w.org\/{rel}","templated":true}]}}