{"id":120726,"date":"2025-10-21T18:22:13","date_gmt":"2025-10-21T18:22:13","guid":{"rendered":"https:\/\/www.europesays.com\/pt\/120726\/"},"modified":"2025-10-21T18:22:13","modified_gmt":"2025-10-21T18:22:13","slug":"casa-dos-segredos-ui-marisa-susana-diz-que-a-companheira-de-pedro-esta-na-casa-apanhei-te-na-curva","status":"publish","type":"post","link":"https:\/\/www.europesays.com\/pt\/120726\/","title":{"rendered":"Casa dos Segredos &#8211; Ui&#8230; Marisa Susana diz que a companheira de Pedro est\u00e1 na casa: &#8220;Apanhei-te na curva&#8221;"},"content":{"rendered":"<p><strong>Pedro Jorge<\/strong> e <strong>Marisa <\/strong>est\u00e3o juntos h\u00e1 sete anos e t\u00eam dois filhos em comum. Dentro da casa, por\u00e9m, ambos escondem <a href=\"https:\/\/www.novagente.pt\/casa-dos-segredos-sacrificio-de-pedro-jorge-para-proteger-casamento-com-marisa\" rel=\"nofollow noopener\" target=\"_blank\">essa realidade<\/a>: Marisa finge n\u00e3o ter o marido no jogo, e Pedro esconde que a m\u00e3e dos seus filhos tamb\u00e9m l\u00e1 est\u00e1. Os restantes concorrentes nem desconfiam e, mesmo que suspeitem, a formula\u00e7\u00e3o dos segredos torna a descoberta ainda mais dif\u00edcil.<\/p>\n<p>Curiosamente, <strong>Marisa Susana<\/strong> j\u00e1 esteve mais longe de adivinhar o segredo do homem que muitos na casa apelidam de &#8220;pinga amor falhado&#8221;. A eterna noiva acredita que o colega tem a sua companheira no jogo e que \u00e9 <strong>Ana<\/strong>.<\/p>\n<blockquote>\n<p><strong>Leia ainda:<\/strong> Casa dos Segredos &#8211; <a href=\"https:\/\/www.novagente.pt\/casa-dos-segredos-eis-noticia-devastadora-que-marisa-recebeu-antes-de-entrar-na-casa\" rel=\"nofollow noopener\" target=\"_blank\">Eis a not\u00edcia devastadora que Marisa recebeu antes de entrar na casa\u00a0<\/a><\/p>\n<\/blockquote>\n<p>&#8220;Claro que se ela for a tua namorada, se voc\u00eas forem um casal a s\u00e9rio, eu compreendo os ci\u00fames dela, n\u00e3o \u00e9? Eu tamb\u00e9m teria ci\u00fames&#8221;, disse Marisa na madrugada desta ter\u00e7a-feira, dia 21 de outubro.<\/p>\n<p>Pedro riu-se, o que deixou Marisa mais segura das suas suspeitas: &#8220;J\u00e1 te apanhei, n\u00e3o \u00e9? \u00c9 ou n\u00e3o \u00e9? Apanhei-te na curva&#8221;.\u00a0<\/p>\n<p>Recorde o momento em que Vera <a href=\"https:\/\/www.novagente.pt\/casa-dos-segredos-escandalo-vera-agride-dylan-com-varias-chapadas-video\" rel=\"nofollow noopener\" target=\"_blank\">agrediu <\/a>Dylan\u00a0<\/p>\n<p>Texto: Beatriz Soares; Fotos: DR e Redes Sociais.\u00a0<\/p>\n<p class=\"intagram-text\">Siga a Nova Gente no Instagram<\/p>\n<p>                        <a href=\"https:\/\/www.instagram.com\/revistanovagente\/\" target=\"_blank\" aria-label=\"instagram\" rel=\"noopener nofollow\"><img decoding=\"async\" style=\"display: block; margin-left: auto; margin-right: auto; width: 250px; height: 83px;\" src=\"https:\/\/www.europesays.com\/pt\/wp-content\/uploads\/2025\/10\/Instagram_NG.png\" alt=\"instagram\"\/><\/a><br \/>\n                    <script async src=\"\/\/www.instagram.com\/embed.js\"><\/script><\/p>\n","protected":false},"excerpt":{"rendered":"Pedro Jorge e Marisa est\u00e3o juntos h\u00e1 sete anos e t\u00eam dois filhos em comum. Dentro da casa,&hellip;\n","protected":false},"author":2,"featured_media":120727,"comment_status":"","ping_status":"","sticky":false,"template":"","format":"standard","meta":{"footnotes":""},"categories":[142],"tags":[2632,114,115,19184,19153,14646,32,33,1315,151,162],"class_list":{"0":"post-120726","1":"post","2":"type-post","3":"status-publish","4":"format-standard","5":"has-post-thumbnail","7":"category-tv","8":"tag-casa-dos-segredos","9":"tag-entertainment","10":"tag-entretenimento","11":"tag-marisa","12":"tag-marisa-susana","13":"tag-pedro","14":"tag-portugal","15":"tag-pt","16":"tag-secret-story","17":"tag-tv","18":"tag-tvi"},"share_on_mastodon":{"url":"https:\/\/pubeurope.com\/@pt\/115413552394703390","error":""},"_links":{"self":[{"href":"https:\/\/www.europesays.com\/pt\/wp-json\/wp\/v2\/posts\/120726","targetHints":{"allow":["GET"]}}],"collection":[{"href":"https:\/\/www.europesays.com\/pt\/wp-json\/wp\/v2\/posts"}],"about":[{"href":"https:\/\/www.europesays.com\/pt\/wp-json\/wp\/v2\/types\/post"}],"author":[{"embeddable":true,"href":"https:\/\/www.europesays.com\/pt\/wp-json\/wp\/v2\/users\/2"}],"replies":[{"embeddable":true,"href":"https:\/\/www.europesays.com\/pt\/wp-json\/wp\/v2\/comments?post=120726"}],"version-history":[{"count":0,"href":"https:\/\/www.europesays.com\/pt\/wp-json\/wp\/v2\/posts\/120726\/revisions"}],"wp:featuredmedia":[{"embeddable":true,"href":"https:\/\/www.europesays.com\/pt\/wp-json\/wp\/v2\/media\/120727"}],"wp:attachment":[{"href":"https:\/\/www.europesays.com\/pt\/wp-json\/wp\/v2\/media?parent=120726"}],"wp:term":[{"taxonomy":"category","embeddable":true,"href":"https:\/\/www.europesays.com\/pt\/wp-json\/wp\/v2\/categories?post=120726"},{"taxonomy":"post_tag","embeddable":true,"href":"https:\/\/www.europesays.com\/pt\/wp-json\/wp\/v2\/tags?post=120726"}],"curies":[{"name":"wp","href":"https:\/\/api.w.org\/{rel}","templated":true}]}}