{"id":120742,"date":"2025-10-21T18:36:29","date_gmt":"2025-10-21T18:36:29","guid":{"rendered":"https:\/\/www.europesays.com\/pt\/120742\/"},"modified":"2025-10-21T18:36:29","modified_gmt":"2025-10-21T18:36:29","slug":"40-da-receita-da-seguranca-social-para-aumentar-pensoes","status":"publish","type":"post","link":"https:\/\/www.europesays.com\/pt\/120742\/","title":{"rendered":"40% da Receita da Seguran\u00e7a Social para Aumentar Pens\u00f5es"},"content":{"rendered":"<p>Jos\u00e9 Lu\u00eds Carneiro quer que o Governo aumente, de forma permanente, as reformas mais baixas em 2026. <strong>O plano \u00e9 distribuir 40% dos aumentos previstos de receita da Seguran\u00e7a Social para o efeito.<\/strong><\/p>\n<p><strong>A medida poderia ficar em 400 milh\u00f5es de euros, mas o secret\u00e1rio-geral do PS faz contas aos mil milh\u00f5es de euros de aumento de receita da Seguran\u00e7a Social. O PS caraterizou de eleitoralista a medida do Governo de distribuir aumentos extraordin\u00e1rios em 2024 e 2025 e, por isso, defende que o Or\u00e7amento de Estado pode acomodar a medida,<\/strong> at\u00e9 porque em agosto o saldo positivo da Seguran\u00e7a Social seria de 1069 milh\u00f5es de euros, que Carneiro, tal como Rui Tavares, atribu\u00edram \u00e0 forte componente dos descontos vindos da Imigra\u00e7\u00e3o.<\/p>\n<p>No caso da Seguran\u00e7a Social, o secret\u00e1rio-geral socialista afirma que, &#8220;no m\u00ednimo, h\u00e1 gato escondido com rabo de fora&#8221;, dizendo que seria &#8220;expect\u00e1vel que o Governo previsse um saldo da Seguran\u00e7a Social bastante superior&#8221;, embora enuncie no Or\u00e7amento de Estado um saldo de &#8220;99 milh\u00f5es de euros positivos.&#8221;<\/p>\n<p>J\u00e1 tinha criticado e disse novamente que o Or\u00e7amento &#8220;\u00e9 pouco cred\u00edvel porque subor\u00e7amenta despesa e empola receita face \u00e0 venda de patrim\u00f3nio imobili\u00e1rio do Estado.&#8221;<\/p>\n<p>Jos\u00e9 Lu\u00eds Carneiro aborda ainda o imposto sobre os produtos petrol\u00edferos, onde difere do Chega, por exemplo. <strong>Tenciona que o &#8220;encaminhamento da receita, se for superior ao aumento previsto no Or\u00e7amento de Estado de 4,6% deva ser aplicada na redu\u00e7\u00e3o do IVA sobre os bens alimentares mais b\u00e1sicos.&#8221;<\/strong><\/p>\n<p>Os an\u00fancios foram feitos por Jos\u00e9 Lu\u00eds Carneiro nesta ter\u00e7a-feira, 21 de outubro, em Penafiel, no encerramento das jornadas parlamentares do PS. <strong>A proposta de lei do Or\u00e7amento do Estado para 2026 ser\u00e1 discutida e votada na pr\u00f3xima semana, sendo que a bancada socialista validou a orienta\u00e7\u00e3o de voto de absten\u00e7\u00e3o. Como tal, o documento ser\u00e1 viabilizado.<\/strong><\/p>\n<p>Recorde-se que para o PS era imprescind\u00edvel que o pacote de medidas laborais e a Lei de Bases da Sa\u00fade n\u00e3o entrassem na vota\u00e7\u00e3o, de modo a viabilizar via absten\u00e7\u00e3o.<\/p>\n","protected":false},"excerpt":{"rendered":"Jos\u00e9 Lu\u00eds Carneiro quer que o Governo aumente, de forma permanente, as reformas mais baixas em 2026. O&hellip;\n","protected":false},"author":2,"featured_media":120743,"comment_status":"","ping_status":"","sticky":false,"template":"","format":"standard","meta":{"footnotes":""},"categories":[10],"tags":[27,28,15,16,14,2433,25,26,21,22,12,13,19,20,18658,7707,32,23,24,455,33,17,18,29,30,31],"class_list":{"0":"post-120742","1":"post","2":"type-post","3":"status-publish","4":"format-standard","5":"has-post-thumbnail","7":"category-portugal","8":"tag-breaking-news","9":"tag-breakingnews","10":"tag-featured-news","11":"tag-featurednews","12":"tag-headlines","13":"tag-jose-luis-carneiro","14":"tag-latest-news","15":"tag-latestnews","16":"tag-main-news","17":"tag-mainnews","18":"tag-news","19":"tag-noticias","20":"tag-noticias-principais","21":"tag-noticiasprincipais","22":"tag-oe2026","23":"tag-pensoes","24":"tag-portugal","25":"tag-principais-noticias","26":"tag-principaisnoticias","27":"tag-ps","28":"tag-pt","29":"tag-top-stories","30":"tag-topstories","31":"tag-ultimas","32":"tag-ultimas-noticias","33":"tag-ultimasnoticias"},"share_on_mastodon":{"url":"https:\/\/pubeurope.com\/@pt\/115413606928154928","error":""},"_links":{"self":[{"href":"https:\/\/www.europesays.com\/pt\/wp-json\/wp\/v2\/posts\/120742","targetHints":{"allow":["GET"]}}],"collection":[{"href":"https:\/\/www.europesays.com\/pt\/wp-json\/wp\/v2\/posts"}],"about":[{"href":"https:\/\/www.europesays.com\/pt\/wp-json\/wp\/v2\/types\/post"}],"author":[{"embeddable":true,"href":"https:\/\/www.europesays.com\/pt\/wp-json\/wp\/v2\/users\/2"}],"replies":[{"embeddable":true,"href":"https:\/\/www.europesays.com\/pt\/wp-json\/wp\/v2\/comments?post=120742"}],"version-history":[{"count":0,"href":"https:\/\/www.europesays.com\/pt\/wp-json\/wp\/v2\/posts\/120742\/revisions"}],"wp:featuredmedia":[{"embeddable":true,"href":"https:\/\/www.europesays.com\/pt\/wp-json\/wp\/v2\/media\/120743"}],"wp:attachment":[{"href":"https:\/\/www.europesays.com\/pt\/wp-json\/wp\/v2\/media?parent=120742"}],"wp:term":[{"taxonomy":"category","embeddable":true,"href":"https:\/\/www.europesays.com\/pt\/wp-json\/wp\/v2\/categories?post=120742"},{"taxonomy":"post_tag","embeddable":true,"href":"https:\/\/www.europesays.com\/pt\/wp-json\/wp\/v2\/tags?post=120742"}],"curies":[{"name":"wp","href":"https:\/\/api.w.org\/{rel}","templated":true}]}}