{"id":120748,"date":"2025-10-21T18:41:08","date_gmt":"2025-10-21T18:41:08","guid":{"rendered":"https:\/\/www.europesays.com\/pt\/120748\/"},"modified":"2025-10-21T18:41:08","modified_gmt":"2025-10-21T18:41:08","slug":"festival-do-livro-do-rio-2025-democracia-e-resistencia","status":"publish","type":"post","link":"https:\/\/www.europesays.com\/pt\/120748\/","title":{"rendered":"Festival do Livro do Rio 2025: democracia e resist\u00eancia"},"content":{"rendered":"<p>\n\t\t\t\t\tInspirado no Grito dos Exclu\u00eddos, Festival do Livro ser\u00e1 em homenagem a Pepe Mujica, confira a programa\u00e7\u00e3o\t\t\t\t<\/p>\n<p>A 4\u00aa edi\u00e7\u00e3o do Festival do Livro do Rio de Janeiro (FLIV-Rio) acontece nos dias 23, 24 e 25 de outubro com o tema \u201c<a href=\"https:\/\/tvtnews.com.br\/tag\/democracia\/\" data-type=\"post_tag\" data-id=\"4403\" rel=\"nofollow noopener\" target=\"_blank\">Democracia \u00e9 luta de todo dia<\/a>\u201d, inspirado no <a href=\"https:\/\/tvtnews.com.br\/tag\/grito-dos-excluidos\/\" data-type=\"post_tag\" data-id=\"4351\" rel=\"nofollow noopener\" target=\"_blank\">Grito dos Exclu\u00eddos<\/a>. O objetivo do evento \u00e9 ser um espa\u00e7o de debate para a constru\u00e7\u00e3o de um mundo mais democr\u00e1tico, justo e solid\u00e1rio. Confira a programa\u00e7\u00e3o com a <a href=\"https:\/\/tvtnews.com.br\" data-type=\"link\" data-id=\"tvtnews.com.br\" target=\"_blank\" rel=\"noopener noreferrer nofollow\">TVT News<\/a>.<\/p>\n<p>Nesta edi\u00e7\u00e3o o evento far\u00e1 uma homenagem especial a <a href=\"https:\/\/tvtnews.com.br\/tag\/pepe-mujica\/\" data-type=\"post_tag\" data-id=\"4567\" rel=\"nofollow noopener\" target=\"_blank\">Jos\u00e9 Mujica<\/a>, ex-<a href=\"https:\/\/tvtnews.com.br\/morre-pepe-mujica\/\" data-type=\"post\" data-id=\"748119\" rel=\"nofollow noopener\" target=\"_blank\">presidente do Uruguai falecido em maio<\/a> e s\u00edmbolo mundial de \u00e9tica, simplicidade e compromisso com a justi\u00e7a social. Durante os tr\u00eas dias, haver\u00e1 lan\u00e7amentos de livros, debates, rodas de conversas, cine debate e muita cultura. O Festival contar\u00e1 com mais de 40 editoras com livros vendidos com at\u00e9 30% de desconto.<\/p>\n<p>A programa\u00e7\u00e3o \u00e9 composta por mais de 40 atividades com tem\u00e1ticas variadas. As expectativas para a <a href=\"https:\/\/tvtnews.com.br\/tag\/cop30\/\" data-type=\"post_tag\" data-id=\"4650\" rel=\"nofollow noopener\" target=\"_blank\">COP 30<\/a>, a literatura da periferia, a <a href=\"https:\/\/tvtnews.com.br\/tag\/escala-6x1\/\" data-type=\"post_tag\" data-id=\"4516\" rel=\"nofollow noopener\" target=\"_blank\">escala 6\u00d71<\/a>, o uso de dados pessoais por grandes plataformas, a <a href=\"https:\/\/tvtnews.com.br\/pejotizacao-stf-convoca-audiencia-publica-sobre\/\" data-type=\"post\" data-id=\"755204\" rel=\"nofollow noopener\" target=\"_blank\">uberiza\u00e7\u00e3o do trabalho<\/a>, o cen\u00e1rio internacional diante da <a href=\"https:\/\/tvtnews.com.br\/excelente-quimica-de-trump-e-lula-gera-memes\/\" data-type=\"post\" data-id=\"765326\" rel=\"nofollow noopener\" target=\"_blank\">qu\u00edmica entre Trump e Lula<\/a>, a in\u00e9dita <a href=\"https:\/\/tvtnews.com.br\/bolsonaro-condenado-pelo-stf\/\" data-type=\"post\" data-id=\"763567\" rel=\"nofollow noopener\" target=\"_blank\">condena\u00e7\u00e3o de militares no Brasil<\/a> e o racismo ambiental s\u00e3o alguns dos muitos temas em pauta.\u00a0 O evento ter\u00e1 lan\u00e7amentos de livros e rodas de conversa.<\/p>\n<p><img fetchpriority=\"high\" decoding=\"async\" width=\"1024\" height=\"576\" src=\"https:\/\/www.europesays.com\/pt\/wp-content\/uploads\/2025\/10\/feira-livro-2-1024x576.jpeg\" alt=\"festival-do-livro-do-rio-comeca-dia-23-com-o-tema-literatura-democracia-e-resistencia-4a-edicao-do-festival-do-livro-do-rio-de-janeiro-fliv-rio-acontece-nos-dias-23-24-e-25-de-outubros-foto-fliv-rio-tvt-news\" class=\"wp-image-768138\" title=\"Festival do Livro do Rio come\u00e7a dia 23 com o tema literatura, democracia e resist\u00eancia 1\"  \/>Pepe Mujica \u00e9 o homenageado do Fliv-Rio 2025. Imagem: Fliv-Rio<\/p>\n<p><strong>Destaques da programa\u00e7\u00e3o<\/strong> do Festival do Livro Rio 2025<\/p>\n<p>Entre os destaques da programa\u00e7\u00e3o, no dia 23, quinta-feira, haver\u00e1 o cine debate, \u00e0s 18h, com o document\u00e1rio F\u00e9 e Pol\u00edtica, produzido pelo CRIAR Brasil com participa\u00e7\u00e3o de <a href=\"https:\/\/tvtnews.com.br\/mst-e-papa-leao-xiv-farao-encontro-no-vaticano\/\" data-type=\"post\" data-id=\"768009\" rel=\"nofollow noopener\" target=\"_blank\">Frei Betto<\/a> e Bel Correa, com media\u00e7\u00e3o da jornalista Isabelle Gomes.<\/p>\n<p>Dia 24, sexta-feira, \u00e0s 11h, uma mesa sobre meio ambiente discutir\u00e1 os m\u00faltiplos olhares e expectativas \u00e0s v\u00e9speras da COP 30. \u00c0s 14h, o debate \u201cDireitos Humanos e Democracia\u201d contar\u00e1 com a presen\u00e7a do padre Julio Lancellotti, que se destaca em S\u00e3o Paulo pela luta por dignidade para a popula\u00e7\u00e3o de rua. <\/p>\n<p>E \u00e0s 18h, o impacto da in\u00e9dita condena\u00e7\u00e3o de militares de alta patente no Brasil ser\u00e1 tema para Juliana Dal Piva e Chico Ot\u00e1vio.\u00a0<\/p>\n<p>J\u00e1 no \u00faltimo dia, 25, \u00e0s 11h, as rela\u00e7\u00f5es \u201cLula e Trump\u201d ser\u00e3o analisadas por Jos\u00e9 Reinaldo Carvalho. \u00c0s 14h, o foco ser\u00e1 a pulsante cena liter\u00e1ria perif\u00e9rica brasileira com Felipe Eug\u00eanio, Renata Costa e Jos\u00e9 Leon\u00eddio Madureira de Souza Santos.<\/p>\n<p>Fechando a programa\u00e7\u00e3o de debates, Jo\u00e3o Cezar de Castro Rocha e Jess\u00e9 Souza refletem sobre o perigo do retorno da extrema direita ao poder.<\/p>\n<p><strong>Solidariedade no Festival do Livro Rio 2025<\/strong><\/p>\n<p>Mas a programa\u00e7\u00e3o n\u00e3o para por a\u00ed, durante os tr\u00eas dias, entre 10h e 17h, estar\u00e1 de volta o tradicional Mercado do Sebo, sempre concorrido pela troca de livros por alimentos e materiais de higiene e escolares que ser\u00e3o doados \u00e0s crian\u00e7as em tratamento no Hospital Graffr\u00e9e Guinle. Quem for ao Festival pode tamb\u00e9m levar livros para doa\u00e7\u00e3o.<\/p>\n<p><strong>Concurso Ler pra Crer<\/strong><\/p>\n<p>Para estimular a leitura de literatura em defesa de direitos, ser\u00e1 realizada a segunda edi\u00e7\u00e3o do concurso Ler Pra Crer. A final ser\u00e1 dia 25, \u00e0s 15h30, com os estudantes finalistas selecionados para apresentar, de forma criativa \u2013 como poesia, audiovisual, m\u00fasica \u2013 o resumo de uma das obras selecionadas. Os tr\u00eas primeiros lugares, na avalia\u00e7\u00e3o de uma banca de professores, receber\u00e3o pr\u00eamios em dinheiro.<\/p>\n<p><strong>Programa\u00e7\u00e3o Cultural<\/strong> no Festival do Livro Rio 2025<\/p>\n<p>Cinema, teatro e samba tamb\u00e9m fazem parte da programa\u00e7\u00e3o. Para quem tem filho pequeno, nesta edi\u00e7\u00e3o, o FLIV-Rio ter\u00e1 um espa\u00e7o l\u00fadico para a crian\u00e7ada, com publica\u00e7\u00f5es infantis dispon\u00edveis, oficina de origami, entrega de brindes e muita divers\u00e3o.<\/p>\n<p>Os jovens tamb\u00e9m ter\u00e3o espa\u00e7o no Festival com batalha de slam na sexta, 24, \u00e0s 17h30. A performance ser\u00e1 po\u00e9tica e o microfone aberto.<\/p>\n<p>E n\u00e3o \u00e9 que tudo termina em batuque? Ao final da sexta e do s\u00e1bado, a apresenta\u00e7\u00e3o musical ser\u00e1 do grupo feminino \u201cAby\u00e1s do Samba\u201d. Na sexta, at\u00e9 as 22h, e no s\u00e1bado, at\u00e9 as 20h. O bar \u201cBorogod\u00f3\u201d ter\u00e1 card\u00e1pio elaborado para o evento, como o arroz de Puta Rica e outras del\u00edcias.<\/p>\n<p><img decoding=\"async\" width=\"1024\" height=\"576\" src=\"https:\/\/www.europesays.com\/pt\/wp-content\/uploads\/2025\/10\/feira-livro-3-1024x576.jpeg\" alt=\"festival-do-livro-do-rio-comeca-dia-23-com-o-tema-literatura-democracia-e-resistencia-4a-edicao-do-festival-do-livro-do-rio-de-janeiro-fliv-rio-acontece-nos-dias-23-24-e-25-de-outubros-foto-fliv-rio-tvt-news\" class=\"wp-image-768139\" title=\"Festival do Livro do Rio come\u00e7a dia 23 com o tema literatura, democracia e resist\u00eancia 2\"   loading=\"lazy\"\/>Com entrada gratuita, o Festival ser\u00e1 na sede do Sinttel-Rio, na Rua Morais e Silva, 94 \u2013 Maracan\u00e3. Foto: Fliv-Rio<\/p>\n<p><strong>Hist\u00f3ria do Festival do Livro do Rio<\/strong><\/p>\n<p>Criado em 2022, pelo Sindicato dos Trabalhadores em Empresas de Telecomunica\u00e7\u00f5es (Sinttel-Rio), o Festival do Livro do Rio  (FLIV-Rio) nasceu para ser muito mais que um festival: tornou-se um espa\u00e7o plural, que valoriza a literatura de resist\u00eancia e abre espa\u00e7o para vozes que defendem os direitos de trabalhadores, os <a href=\"https:\/\/tvtnews.com.br\/tag\/direitos-humanos\/\" data-type=\"post_tag\" data-id=\"4560\" rel=\"nofollow noopener\" target=\"_blank\">direitos humanos<\/a>, a soberania nacional e a luta contra a desigualdade.<\/p>\n<p>A quarta edi\u00e7\u00e3o do FLIV-Rio \u00e9 um projeto do Sinttel-Rio e do CRIAR Brasil. E, pela primeira vez, este ano, o evento conta com o patroc\u00ednio da Transpetro, Governo Federal. <\/p>\n<p>Com entrada gratuita, o Festival ser\u00e1 na sede do Sinttel-Rio, na Rua Morais e Silva, 94 \u2013 Maracan\u00e3, em um ambiente democr\u00e1tico e acess\u00edvel. Um verdadeiro f\u00f3rum de ideias, dedicado a pensar os caminhos do Brasil e do mundo diante dos desafios atuais.<\/p>\n<p>Confira as novidades no Instagram <a href=\"https:\/\/www.instagram.com\/fliv.rio\" target=\"_blank\" data-type=\"link\" data-id=\"https:\/\/www.instagram.com\/fliv.rio\" rel=\"noreferrer noopener nofollow\">@fliv.rio<\/a> e a programa\u00e7\u00e3o completa do Festival no site do evento:<a href=\"http:\/\/www.flivrio.org.br\/\" target=\"_blank\" rel=\"noreferrer noopener nofollow\"> www.flivrio.org.br<\/a><\/p>\n<p>\t\t\t\t<script async src=\"\/\/www.instagram.com\/embed.js\"><\/script><\/p>\n","protected":false},"excerpt":{"rendered":"Inspirado no Grito dos Exclu\u00eddos, Festival do Livro ser\u00e1 em homenagem a Pepe Mujica, confira a programa\u00e7\u00e3o A&hellip;\n","protected":false},"author":2,"featured_media":120749,"comment_status":"","ping_status":"","sticky":false,"template":"","format":"standard","meta":{"footnotes":""},"categories":[143],"tags":[169,114,115,170,32,33],"class_list":{"0":"post-120748","1":"post","2":"type-post","3":"status-publish","4":"format-standard","5":"has-post-thumbnail","7":"category-livros","8":"tag-books","9":"tag-entertainment","10":"tag-entretenimento","11":"tag-livros","12":"tag-portugal","13":"tag-pt"},"share_on_mastodon":{"url":"https:\/\/pubeurope.com\/@pt\/115413626883871323","error":""},"_links":{"self":[{"href":"https:\/\/www.europesays.com\/pt\/wp-json\/wp\/v2\/posts\/120748","targetHints":{"allow":["GET"]}}],"collection":[{"href":"https:\/\/www.europesays.com\/pt\/wp-json\/wp\/v2\/posts"}],"about":[{"href":"https:\/\/www.europesays.com\/pt\/wp-json\/wp\/v2\/types\/post"}],"author":[{"embeddable":true,"href":"https:\/\/www.europesays.com\/pt\/wp-json\/wp\/v2\/users\/2"}],"replies":[{"embeddable":true,"href":"https:\/\/www.europesays.com\/pt\/wp-json\/wp\/v2\/comments?post=120748"}],"version-history":[{"count":0,"href":"https:\/\/www.europesays.com\/pt\/wp-json\/wp\/v2\/posts\/120748\/revisions"}],"wp:featuredmedia":[{"embeddable":true,"href":"https:\/\/www.europesays.com\/pt\/wp-json\/wp\/v2\/media\/120749"}],"wp:attachment":[{"href":"https:\/\/www.europesays.com\/pt\/wp-json\/wp\/v2\/media?parent=120748"}],"wp:term":[{"taxonomy":"category","embeddable":true,"href":"https:\/\/www.europesays.com\/pt\/wp-json\/wp\/v2\/categories?post=120748"},{"taxonomy":"post_tag","embeddable":true,"href":"https:\/\/www.europesays.com\/pt\/wp-json\/wp\/v2\/tags?post=120748"}],"curies":[{"name":"wp","href":"https:\/\/api.w.org\/{rel}","templated":true}]}}