{"id":120756,"date":"2025-10-21T18:45:13","date_gmt":"2025-10-21T18:45:13","guid":{"rendered":"https:\/\/www.europesays.com\/pt\/120756\/"},"modified":"2025-10-21T18:45:13","modified_gmt":"2025-10-21T18:45:13","slug":"youth-league-juniores-do-benfica-dao-o-mote-e-goleiam-newcastle","status":"publish","type":"post","link":"https:\/\/www.europesays.com\/pt\/120756\/","title":{"rendered":"Youth League: juniores do Benfica d\u00e3o o mote e goleiam Newcastle"},"content":{"rendered":"<p>O Benfica assegurou mais tr\u00eas pontos na Youth League nesta ter\u00e7a-feira, com um triunfo sobre o Newcastle por 5-1. Eduardo Fernandes conseguiu um hat-trick, Francisco Silva e Gon\u00e7alo Moreira marcaram um cada um e as \u00e1guias ainda falharam uma grande penalidade.<\/p>\n<p>Poucas horas antes da equipa principal jogar contra o Newcastle em St. James&#8217; Park, o Benfica dominou a equipa de juniores dos ingleses. O t\u00e9cnico V\u00edtor Vinha alinhou com duas altera\u00e7\u00f5es em rela\u00e7\u00e3o \u00e0 \u00faltima jornada.\u00a0Gon\u00e7alo Oliveira (capit\u00e3o) entrou no lugar de Ndembi, o italiano Coletta rendeu Jaden Umeh.<\/p>\n<p><strong><a href=\"https:\/\/maisfutebol.iol.pt\/jogo\/aominuto\/13830864\" rel=\"nofollow noopener\" target=\"_blank\">RECORDE O FILME DO JOGO.<\/a><\/strong><\/p>\n<p>O Benfica chegou \u00e0 vantagem aos 37 minutos por interm\u00e9dio de Eduardo Fernandes. Virou-se bem para a baliza no momento da rece\u00e7\u00e3o e rematou rasteiro para o fundo das redes.<\/p>\n<p>A abrir a segunda parte, Gon\u00e7alo Moreira teve hip\u00f3tese de fazer o 2-0 numa grande penalidade, mas permitiu a defesa a Mair. Pouco tempo depois, Francisco Silva marcou efetivamente, na ressaca a um remate.\u00a0<\/p>\n<p>Aos 68 minutos, o Benfica fez o 3-0 por interm\u00e9dio de Eduardo Fernandes, com ajuda de um desvio de um defesa. O melhor estava guardado para os 77m, com Gon\u00e7alo Moreira a redimir-se do pen\u00e1lti falhado e a assinar um belo golo numa jogada invididual.<\/p>\n<p>O Newcastle ainda redimiu-se um golo de Brayson aos 89 minutos, mas a contagem n\u00e3o acabou! Eduardo Fernandes conseguiu o hat-trick ao encostar para golo. O Benfica soma agora seis pontos em tr\u00eas jogos. J\u00e1 os ingleses mant\u00eam os mesmos tr\u00eas.\u00a0<\/p>\n","protected":false},"excerpt":{"rendered":"O Benfica assegurou mais tr\u00eas pontos na Youth League nesta ter\u00e7a-feira, com um triunfo sobre o Newcastle por&hellip;\n","protected":false},"author":2,"featured_media":120757,"comment_status":"","ping_status":"","sticky":false,"template":"","format":"standard","meta":{"footnotes":""},"categories":[87],"tags":[51,135,27994,27995,19467,5433,22197,46,2318,32,33,47,5434,134,23262],"class_list":{"0":"post-120756","1":"post","2":"type-post","3":"status-publish","4":"format-standard","5":"has-post-thumbnail","7":"category-desporto","8":"tag-benfica","9":"tag-desporto","10":"tag-eduardo-fernandes","11":"tag-francisco-silva","12":"tag-goncalo-moreira","13":"tag-jogos-hoje","14":"tag-juniores-benfica","15":"tag-maisfutebol","16":"tag-newcastle","17":"tag-portugal","18":"tag-pt","19":"tag-pura-paixao","20":"tag-resultados-hoje","21":"tag-sports","22":"tag-youth-league"},"share_on_mastodon":{"url":"https:\/\/pubeurope.com\/@pt\/115413642396159197","error":""},"_links":{"self":[{"href":"https:\/\/www.europesays.com\/pt\/wp-json\/wp\/v2\/posts\/120756","targetHints":{"allow":["GET"]}}],"collection":[{"href":"https:\/\/www.europesays.com\/pt\/wp-json\/wp\/v2\/posts"}],"about":[{"href":"https:\/\/www.europesays.com\/pt\/wp-json\/wp\/v2\/types\/post"}],"author":[{"embeddable":true,"href":"https:\/\/www.europesays.com\/pt\/wp-json\/wp\/v2\/users\/2"}],"replies":[{"embeddable":true,"href":"https:\/\/www.europesays.com\/pt\/wp-json\/wp\/v2\/comments?post=120756"}],"version-history":[{"count":0,"href":"https:\/\/www.europesays.com\/pt\/wp-json\/wp\/v2\/posts\/120756\/revisions"}],"wp:featuredmedia":[{"embeddable":true,"href":"https:\/\/www.europesays.com\/pt\/wp-json\/wp\/v2\/media\/120757"}],"wp:attachment":[{"href":"https:\/\/www.europesays.com\/pt\/wp-json\/wp\/v2\/media?parent=120756"}],"wp:term":[{"taxonomy":"category","embeddable":true,"href":"https:\/\/www.europesays.com\/pt\/wp-json\/wp\/v2\/categories?post=120756"},{"taxonomy":"post_tag","embeddable":true,"href":"https:\/\/www.europesays.com\/pt\/wp-json\/wp\/v2\/tags?post=120756"}],"curies":[{"name":"wp","href":"https:\/\/api.w.org\/{rel}","templated":true}]}}