{"id":120762,"date":"2025-10-21T18:48:16","date_gmt":"2025-10-21T18:48:16","guid":{"rendered":"https:\/\/www.europesays.com\/pt\/120762\/"},"modified":"2025-10-21T18:48:16","modified_gmt":"2025-10-21T18:48:16","slug":"conheca-o-capotauro-o-mais-novo-misterio-que-desafia-a-astronomia","status":"publish","type":"post","link":"https:\/\/www.europesays.com\/pt\/120762\/","title":{"rendered":"Conhe\u00e7a o Capotauro, o mais novo mist\u00e9rio que desafia a astronomia"},"content":{"rendered":"<p class=\"texto\">Astr\u00f4nomos est\u00e3o perplexos com uma descoberta recente do telesc\u00f3pio espacial James Webb. Trata-se de um objeto enigm\u00e1tico batizado de Capotauro, cuja natureza ainda \u00e9 desconhecida. As principais teorias sobre ele s\u00e3o de que pode ser tanto a gal\u00e1xia mais antiga j\u00e1 observada ou quanto sistema frio dentro da pr\u00f3pria <a href=\"https:\/\/www.correiobraziliense.com.br\/ciencia-e-saude\/2025\/09\/7259370-cientistas-detectam-a-grande-onda-que-perturba-a-via-lactea.html\" target=\"_blank\" rel=\"nofollow noopener\">Via L\u00e1ctea<\/a>, como uma an\u00e3 marrom ou at\u00e9 mesmo um planeta solit\u00e1rio vagando pelo espa\u00e7o.<\/p>\n<p class=\"texto\">\t&#13;<br \/>\n  \t<img decoding=\"async\" src=\"https:\/\/www.europesays.com\/pt\/wp-content\/uploads\/2025\/10\/capotauro1-60135794.jpg\" alt=\"O Capotauro \u00e9 o objeto marcado em laranja, em imagem capturada pelo James Webb\" title=\"O Capotauro \u00e9 o objeto marcado em laranja, em imagem capturada pelo James Webb\" class=\"lazy\" width=\"\" height=\"\"\/>&#13;<br \/>\n  \t &#13;<br \/>\n\t\tO Capotauro \u00e9 o objeto marcado em laranja, em imagem capturada pelo James Webb&#13;<br \/>\n\t\t(foto: Giuseppe Capriotti &amp;Giovanni Gandolfi. Nasa\/Esa\/Csa\/JWST\/CEERS)&#13;<br \/>\n\t&#13;\n<\/p>\n<p class=\"texto\">O achado surgiu durante a pesquisa Cosmic Evolution Early Release Science (CEERS), e o objeto recebeu oficialmente o nome CEERS ID U-100588. O apelido \u201cCapotauro\u201d vem de uma montanha localizada na fronteira entre as regi\u00f5es italianas da Toscana e Em\u00edlia-Romanha.<\/p>\n<p class=\"texto\"><strong><a href=\"https:\/\/whatsapp.com\/channel\/0029VaB1U9a002T64ex1Sy2w\" rel=\"nofollow noopener\" target=\"_blank\">Siga o canal do Correio no WhatsApp e receba as principais not\u00edcias do dia no seu celular<\/a><\/strong><\/p>\n<p class=\"texto\">Os dados iniciais indicam uma queda abrupta de luminosidade entre diferentes comprimentos de onda, o que levou os cientistas \u00e0s duas hip\u00f3teses extremas. No primeiro cen\u00e1rio, Capotauro seria uma gal\u00e1xia formada cerca de 90 a 100 milh\u00f5es de anos ap\u00f3s o Big Bang, o que corresponderia a um desvio para o vermelho de z~32, um recorde absoluto. Isso significa que sua luz come\u00e7ou a viajar at\u00e9 n\u00f3s quando o universo tinha menos de 1% da idade atual.<\/p>\n<p class=\"texto\">Caso a hip\u00f3tese se confirme, Capotauro ultrapassaria o recorde da gal\u00e1xia MoM-z14, cuja luz se originou 280 milh\u00f5es de anos ap\u00f3s o in\u00edcio do cosmos. No chamado &#8220;Calend\u00e1rio C\u00f3smico&#8221;, que comprime os 13,8 bilh\u00f5es de anos do universo em um \u00fanico ano, Capotauro teria surgido nas primeiras horas de 3 de janeiro, praticamente junto do nascimento das primeiras estrelas.<\/p>\n<p class=\"texto\">&#13;\n<\/p>\n<p class=\"texto\">Mas os cientistas tamb\u00e9m consideram que o Capotauro pode n\u00e3o ser uma gal\u00e1xia distante, mas, sim, um corpo frio dentro da nossa pr\u00f3pria gal\u00e1xia. Nesse caso, seria uma an\u00e3 marrom extremamente fria, talvez com temperatura inferior a 300 Kelvin (aproximadamente 27 \u00baC), ou at\u00e9 um planeta flutuante, sem estrela-m\u00e3e. Se essa hip\u00f3tese for verdadeira, Capotauro seria o objeto subestelar mais distante e frio j\u00e1 registrado.<\/p>\n<p class=\"texto\">Outras possibilidades foram descartadas, como a de ser uma gal\u00e1xia pr\u00f3xima coberta por poeira. Os dados espectrais coletados pelo\u00a0James Webb indicam que o objeto tem um comportamento de luz muito diferente do esperado nesses casos. <a href=\"https:\/\/arxiv.org\/pdf\/2509.01664v1\" target=\"_blank\" rel=\"nofollow noopener\">O artigo cient\u00edfico, assinado por um grupo internacional de 27 astr\u00f4nomos, j\u00e1 foi publicado e aguarda revis\u00e3o dos pares<\/a>.<\/p>\n<ul>\n<li><a href=\"https:\/\/wa.me\/?text=Conhe%C3%A7a+o+Capotauro%2C+o+mais+novo+mist%C3%A9rio+que+desafia+a+astronomia%20https:\/\/www.correiobraziliense.com.br\/ciencia-e-saude\/2025\/10\/7275422-conheca-o-capotauro-o-mais-novo-misterio-que-desafia-a-astronomia.html\" target=\"_blank\" title=\"Whatsapp\" aria-label=\"WhatsApp\" rel=\"nofollow noopener\"><\/a><\/li>\n<li><a href=\"https:\/\/www.facebook.com\/sharer.php?u=https:\/\/www.correiobraziliense.com.br%2Fciencia-e-saude%2F2025%2F10%2F7275422-conheca-o-capotauro-o-mais-novo-misterio-que-desafia-a-astronomia.html&amp;text=Conhe%C3%A7a+o+Capotauro%2C+o+mais+novo+mist%C3%A9rio+que+desafia+a+astronomia\" target=\"_blank\" title=\"Facebook\" aria-label=\"Facebook\" rel=\"nofollow noopener\"><\/a><\/li>\n<li><a href=\"https:\/\/twitter.com\/intent\/tweet?url=https:\/\/www.correiobraziliense.com.br%2Fciencia-e-saude%2F2025%2F10%2F7275422-conheca-o-capotauro-o-mais-novo-misterio-que-desafia-a-astronomia.html&amp;text=Conhe%C3%A7a+o+Capotauro%2C+o+mais+novo+mist%C3%A9rio+que+desafia+a+astronomia\" target=\"_blank\" title=\"Twitter\" aria-label=\"Twitter\" rel=\"nofollow noopener\"><\/a><\/li>\n<li><a href=\"https:\/\/profile.google.com\/cp\/CgovbS8wNzZ0dms1\" title=\"Google Discover\" target=\"_blank\" aria-label=\"Google Discover\" rel=\"nofollow noopener\"><img decoding=\"async\" src=\"https:\/\/www.europesays.com\/pt\/wp-content\/uploads\/2025\/10\/google-discover-icon.png\" style=\"height: 25px; margin: 0 !important; margin-left: 3px;\" alt=\"Google Discover Icon\"\/><\/a><\/li>\n<\/ul>\n<p>              <a href=\"https:\/\/www.correiobraziliense.com.br\/autor\/roberto-fonseca\/page\/1\/\" style=\"height: 100%;\" rel=\"nofollow noopener\" target=\"_blank\"><img decoding=\"async\" class=\"hidden-print author-circle d-block h6 mt-0 mb-0 mr-6 text-center\" src=\"https:\/\/www.europesays.com\/pt\/wp-content\/uploads\/2025\/07\/roberto-46310799.jpg\" alt=\"\" width=\"40\" height=\"40\" loading=\"lazy\" style=\"object-fit:cover; width: 40px; height: 40px; margin-right:10px;\"\/><\/a><a href=\"https:\/\/www.correiobraziliense.com.br\/autor\/roberto-fonseca\/page\/1\/\" rel=\"nofollow noopener\" target=\"_blank\"><img decoding=\"async\" class=\"hidden-print author-circle d-block h6 mt-0 mb-0 mr-6 text-center\" src=\"https:\/\/www.europesays.com\/pt\/wp-content\/uploads\/2025\/07\/roberto-46310799.jpg\" alt=\"\" width=\"40\" height=\"40\" loading=\"lazy\" style=\"object-fit:cover; width: 40px; height: 40px; margin-right:10px;\"\/><\/a>Roberto Fonseca  <strong class=\"entryStrongAuthor\">Subeditor<\/strong><\/p>\n<p class=\"entryDescricaoAuthor\">Formado em jornalismo no UniCeub, cursou ci\u00eancia pol\u00edtica na UnB com p\u00f3s-gradua\u00e7\u00e3o em Comunica\u00e7\u00e3o Pol\u00edtica no Legislativo. \u00c9 apresentador do programa CB.Poder, da TV Bras\u00edlia<\/p>\n<p>                          <script async src=\"https:\/\/platform.twitter.com\/widgets.js\" charset=\"utf-8\"><\/script><\/p>\n","protected":false},"excerpt":{"rendered":"Astr\u00f4nomos est\u00e3o perplexos com uma descoberta recente do telesc\u00f3pio espacial James Webb. Trata-se de um objeto enigm\u00e1tico batizado&hellip;\n","protected":false},"author":2,"featured_media":120763,"comment_status":"","ping_status":"","sticky":false,"template":"","format":"standard","meta":{"footnotes":""},"categories":[84],"tags":[443,109,107,108,2001,10542,4363,32,33,105,103,104,106,110,4248],"class_list":{"0":"post-120762","1":"post","2":"type-post","3":"status-publish","4":"format-standard","5":"has-post-thumbnail","7":"category-ciencia-e-tecnologia","8":"tag-astronomia","9":"tag-ciencia","10":"tag-ciencia-e-tecnologia","11":"tag-cienciaetecnologia","12":"tag-descoberta","13":"tag-galaxia","14":"tag-james-webb","15":"tag-portugal","16":"tag-pt","17":"tag-science","18":"tag-science-and-technology","19":"tag-scienceandtechnology","20":"tag-technology","21":"tag-tecnologia","22":"tag-via-lactea"},"share_on_mastodon":{"url":"https:\/\/pubeurope.com\/@pt\/115413654254238090","error":""},"_links":{"self":[{"href":"https:\/\/www.europesays.com\/pt\/wp-json\/wp\/v2\/posts\/120762","targetHints":{"allow":["GET"]}}],"collection":[{"href":"https:\/\/www.europesays.com\/pt\/wp-json\/wp\/v2\/posts"}],"about":[{"href":"https:\/\/www.europesays.com\/pt\/wp-json\/wp\/v2\/types\/post"}],"author":[{"embeddable":true,"href":"https:\/\/www.europesays.com\/pt\/wp-json\/wp\/v2\/users\/2"}],"replies":[{"embeddable":true,"href":"https:\/\/www.europesays.com\/pt\/wp-json\/wp\/v2\/comments?post=120762"}],"version-history":[{"count":0,"href":"https:\/\/www.europesays.com\/pt\/wp-json\/wp\/v2\/posts\/120762\/revisions"}],"wp:featuredmedia":[{"embeddable":true,"href":"https:\/\/www.europesays.com\/pt\/wp-json\/wp\/v2\/media\/120763"}],"wp:attachment":[{"href":"https:\/\/www.europesays.com\/pt\/wp-json\/wp\/v2\/media?parent=120762"}],"wp:term":[{"taxonomy":"category","embeddable":true,"href":"https:\/\/www.europesays.com\/pt\/wp-json\/wp\/v2\/categories?post=120762"},{"taxonomy":"post_tag","embeddable":true,"href":"https:\/\/www.europesays.com\/pt\/wp-json\/wp\/v2\/tags?post=120762"}],"curies":[{"name":"wp","href":"https:\/\/api.w.org\/{rel}","templated":true}]}}