{"id":120794,"date":"2025-10-21T19:15:13","date_gmt":"2025-10-21T19:15:13","guid":{"rendered":"https:\/\/www.europesays.com\/pt\/120794\/"},"modified":"2025-10-21T19:15:13","modified_gmt":"2025-10-21T19:15:13","slug":"exposta-imagem-de-fabio-e-vera-antes-de-secret-story-nunca-nada-sera-por-acaso","status":"publish","type":"post","link":"https:\/\/www.europesays.com\/pt\/120794\/","title":{"rendered":"Exposta imagem de F\u00e1bio e Vera antes de &#8220;Secret Story&#8221;: &#8220;Nunca nada ser\u00e1 por acaso!&#8221;"},"content":{"rendered":"<p>A equipa de <a href=\"https:\/\/selfie.iol.pt\/famosos\/casa-dos-segredos\/secret-story-segredo-de-fabio-e-descoberto-e-liliana-reage-assim\/20251019\/68f54c17d34ee0c2fed16e8d\" target=\"_blank\" rel=\"nofollow noopener\">F\u00e1bio Pereira<\/a> j\u00e1 reagiu \u00e0 expuls\u00e3o de Vera Cl\u00e1udia da nona edi\u00e7\u00e3o de &#8220;Secret Story &#8211; Casa dos Segredos&#8221;. E f\u00ea-lo de forma surpreendente.<\/p>\n<p>Atrav\u00e9s do Instagram, os representantes de F\u00e1bio Pereira partilharam, esta ter\u00e7a-feira, dia 21, uma fotografia em que o pr\u00f3prio surge com Vera Cl\u00e1udia, antes de os dois entrarem no reality show da <a href=\"https:\/\/tvi.iol.pt\/\" target=\"_blank\" rel=\"nofollow noopener\">TVI<\/a>.<\/p>\n<p>Na legenda que acompanha a imagem, a equipa de F\u00e1bio Pereira deixou uma mensagem de apoio \u00e0 agora ex-moradora da casa mais vigiada do Pa\u00eds. &#8220;Nunca nada ser\u00e1 por acaso! Estamos juntos, Verinha&#8221;, pode ler-se.<\/p>\n<p>Recorde-se que Vera Cl\u00e1udia abandonou &#8220;<a href=\"https:\/\/tvi.iol.pt\/secretstory\/\" target=\"_blank\" rel=\"nofollow noopener\">Secret Story<\/a> &#8211; Casa dos Segredos&#8221; por decis\u00e3o do soberano, depois de a jovem ter desferido estalos em Dylan Fonte. Importa ainda referir que <a href=\"https:\/\/selfie.iol.pt\/famosos\/casa-dos-segredos-9\/secret-story-entre-polemicas-familia-de-fabio-faz-promessa-que-pode-significar-grande-mudanca\/20251016\/68f13e72d34ee0c2fed156d0\" target=\"_blank\" rel=\"nofollow noopener\">F\u00e1bio Pereira<\/a> tinha como enigma &#8220;Envolvi-me com uma concorrente da casa&#8221;, sendo ela Vera Cl\u00e1udia.<\/p>\n<p>Veja, agora, nas galerias que prepar\u00e1mos para si, as imagens de F\u00e1bio Pereira e Vera Cl\u00e1udia.<\/p>\n<p style=\"text-align:center\"><img loading=\"lazy\" decoding=\"async\" alt=\"\" height=\"890\" src=\"https:\/\/www.europesays.com\/pt\/wp-content\/uploads\/2025\/10\/68f794e6d34e58bc67972513.webp\" width=\"500\"\/><\/p>\n<p>\u00a0<\/p>\n","protected":false},"excerpt":{"rendered":"A equipa de F\u00e1bio Pereira j\u00e1 reagiu \u00e0 expuls\u00e3o de Vera Cl\u00e1udia da nona edi\u00e7\u00e3o de &#8220;Secret Story&hellip;\n","protected":false},"author":2,"featured_media":120795,"comment_status":"","ping_status":"","sticky":false,"template":"","format":"standard","meta":{"footnotes":""},"categories":[142],"tags":[2632,13471,6338,328,19105,21040,114,115,6309,19082,24884,980,1015,619,32,33,1014,1315,6985,16687,16686,1012,6986,16688,151,162,11841,24887],"class_list":{"0":"post-120794","1":"post","2":"type-post","3":"status-publish","4":"format-standard","5":"has-post-thumbnail","7":"category-tv","8":"tag-casa-dos-segredos","9":"tag-casa-dos-segredos-9","10":"tag-concorrente","11":"tag-concorrentes","12":"tag-dylan","13":"tag-dylan-fonte","14":"tag-entertainment","15":"tag-entretenimento","16":"tag-ex-concorrente","17":"tag-fabio","18":"tag-fabio-pereira","19":"tag-famosos","20":"tag-instagram","21":"tag-nacional","22":"tag-portugal","23":"tag-pt","24":"tag-reality-show","25":"tag-secret-story","26":"tag-secret-story-casa-dos-segredos","27":"tag-secret-story-casa-dos-segredos-9","28":"tag-secret-story-9","29":"tag-selfie","30":"tag-ss","31":"tag-ss9","32":"tag-tv","33":"tag-tvi","34":"tag-vera","35":"tag-vera-claudia"},"share_on_mastodon":{"url":"https:\/\/pubeurope.com\/@pt\/115413760565130355","error":""},"_links":{"self":[{"href":"https:\/\/www.europesays.com\/pt\/wp-json\/wp\/v2\/posts\/120794","targetHints":{"allow":["GET"]}}],"collection":[{"href":"https:\/\/www.europesays.com\/pt\/wp-json\/wp\/v2\/posts"}],"about":[{"href":"https:\/\/www.europesays.com\/pt\/wp-json\/wp\/v2\/types\/post"}],"author":[{"embeddable":true,"href":"https:\/\/www.europesays.com\/pt\/wp-json\/wp\/v2\/users\/2"}],"replies":[{"embeddable":true,"href":"https:\/\/www.europesays.com\/pt\/wp-json\/wp\/v2\/comments?post=120794"}],"version-history":[{"count":0,"href":"https:\/\/www.europesays.com\/pt\/wp-json\/wp\/v2\/posts\/120794\/revisions"}],"wp:featuredmedia":[{"embeddable":true,"href":"https:\/\/www.europesays.com\/pt\/wp-json\/wp\/v2\/media\/120795"}],"wp:attachment":[{"href":"https:\/\/www.europesays.com\/pt\/wp-json\/wp\/v2\/media?parent=120794"}],"wp:term":[{"taxonomy":"category","embeddable":true,"href":"https:\/\/www.europesays.com\/pt\/wp-json\/wp\/v2\/categories?post=120794"},{"taxonomy":"post_tag","embeddable":true,"href":"https:\/\/www.europesays.com\/pt\/wp-json\/wp\/v2\/tags?post=120794"}],"curies":[{"name":"wp","href":"https:\/\/api.w.org\/{rel}","templated":true}]}}