{"id":120829,"date":"2025-10-21T19:40:12","date_gmt":"2025-10-21T19:40:12","guid":{"rendered":"https:\/\/www.europesays.com\/pt\/120829\/"},"modified":"2025-10-21T19:40:12","modified_gmt":"2025-10-21T19:40:12","slug":"belo-em-a-fazenda-relembre-as-vezes-que-o-nome-do-cantor-esteve-na-boca-da-peaozada-r7","status":"publish","type":"post","link":"https:\/\/www.europesays.com\/pt\/120829\/","title":{"rendered":"Belo em A Fazenda? Relembre as vezes que o nome do cantor esteve na boca da pe\u00e3ozada &#8211; R7"},"content":{"rendered":"<ol>\n<li><a href=\"https:\/\/news.google.com\/rss\/articles\/CBMi6gFBVV95cUxPYW5YYk1pQlUtYTlndUlPYmFaZkNiOHNXZ19weDdFZUtTLTVpZWpqM3k4dUFJNE5hRlBoVFVWX3pTTmZVYld0RjhrX1hkTkVWX3ZkYlJDMkV2eWdxekljUG1XWFE5LXNwRFNjcF8tNjlnSHhaUnFBLVBRVkh2cUlOc2VSSlJsZkhLaDlBaVkyNE9jUzcweHBYZWcycC1vTG9LUnFRY3RxZFNXcHBwQ2JyZUtDSWF4eFFEZDhPQjMwUDNHNjFwS21Ca25Tazh5WUU3OV9hNXdaX3FhWkVTcXY1WmE4ZkpYSlBRdVE?oc=5\" target=\"_blank\" rel=\"nofollow noopener\">Belo em A Fazenda? Relembre as vezes que o nome do cantor esteve na boca da pe\u00e3ozada<\/a>&nbsp;&nbsp;R7<\/li>\n<li><a href=\"https:\/\/news.google.com\/rss\/articles\/CBMi1gFBVV95cUxQSUo0azJvWjBmY01FRWc2dFRtUnVDeEJHUjdfcFotQ08xQkV0NGlFcXBtcHdBcXFLenVnTzR5UFRrRHpOX0dlSHMxdl9NOVRiMGVibExPVjV3V0xkMEdKdzE5c3BiaE9xcDJ2OHV4eWxUNTZ2MTdZZmtpNG5oMjBDdTFGWmQ3ZjFaYWNST09KbUJqR2YtSWZnY0tDdnI4bzExcUZNRk9sM0dQOWtpbWNqQmR5cE01NnBTNzJVZmRNbGZnQWxJVE9mRzFFWjZXQ2RDR1BkUUxB0gHkAUFVX3lxTE5WZW5ZQklOc1AzU29QLU4wdWZMako3Uklac2ptQ3N0QnVSREkxYWdjV0VuelJEM2dHd0dLOUp4VUI5ZnJPZktTV3ViZDctUXBwZlhBZDNVeS1TNFVJOFNDUkRQX3cyd1p5TFBCVGRyMnp2TlRsUWNUSWNqaGhxTGR0TXBmODRGdWRoLU5TQjlQTW1vTXNaUnlSalNUZ1VVdnI3T01nU1hKWXlxNWprTXFYTEg0b2E5NUdvR2Z1NTJVQ1ZvQjVfVEloeXFna2hpcjBPREZfOUJ3SUl5MXBsWElmZlFfbw?oc=5\" target=\"_blank\" rel=\"nofollow noopener\">Belo aborda relacionamento com Rayane e confessa que n\u00e3o acompanha A Fazenda 17<\/a>&nbsp;&nbsp;Not\u00edcias da TV<\/li>\n<li><a href=\"https:\/\/news.google.com\/rss\/articles\/CBMi6wFBVV95cUxOc3REbHdNeW4tQzBoOVhjeDQyY1RrdERuY2t5TEFwS19kZEZSZWk0LWZJQ0J1WFBlem9sSk1xdFNHRXR5eW5zUnZpaFd5ckdQNWZvVXkzX1VYQWZlYUZIMEVxSDFSSDZTbjVsOVpLWHRaVUExcTNNVkhpbkg3MVlpamt5TFhyTHA5RDlvRk1GOHFUWTkxVUFXcTk5OEFuVXlJWXFtQ2dZNk5zdGtzT194TXZYOWd5d3dzbkZUYzV3ZU9BeTN4aElZWWxwNVBoV0UwOTVsOHJCenFTc3NhMkZOMXEyS01SaHA4NEM00gHrAUFVX3lxTE1zYXdhdTZMZ3M0aXF6aVpDUWduODc3bjh4bnhYQmNCNXZrZ0ZLUHlYWV9Ncm9aOGpZVFRQQnBGV2M3cVZMakpRX2RCVDBJazM2b0dpVm45OG5uM1BBcTQxeml4M01fTTI2eWJ5NlhPY2dpanlsbjNZX05FVG5UTVF6VGRIU0ZKRGZNX3AwWThEa1ZNeVVGLUtCTlZ4VGJXNmRnZWNBVWhreDJBQllmNGVQNGZtYTF5cVd5QjhFamREM1hQQ3BaN3V4eUozVVlhS0lNMUlrYTBuamdsU252OG84LWRtNFNzb24yNHM?oc=5\" target=\"_blank\" rel=\"nofollow noopener\">Ap\u00f3s pol\u00eamica com calcinha da namorada, Belo fala sobre relacionamento<\/a>&nbsp;&nbsp;Portal Uai<\/li>\n<li><a href=\"https:\/\/news.google.com\/rss\/articles\/CBMitAFBVV95cUxNUzhSVXR4QjFFejVEbGlpYl9fQi16bmJ5NlptVkdEeGc4aVlyYjZLOGF0a3VLeDVHSmNUN0ROb04wQ2c2d2VsYm9DV2F1ZjVHSU94V1FNX1NZRFBoanY2UXlRRlVpZjRRVmotZkI2T1F3UzloQ01xaUFMRUdvby10ZFpuUDVESXNMZ1NZQWJ4Wlo1T3RBODVWUlJoc1hzbXJ1MnRmV0J4ZngwU0s3aFZ6RWtaM0c?oc=5\" target=\"_blank\" rel=\"nofollow noopener\">\u2018N\u00e3o \u00e9 poss\u00edvel\u2019: Rayane desabafa sobre Belo e Gracyanne Barbosa em A Fazenda 17<\/a>&nbsp;&nbsp;ND Mais<\/li>\n<li><a href=\"https:\/\/news.google.com\/rss\/articles\/CBMitwFBVV95cUxOSWo4THN4MFF2Y2FmTjR2Y2J5YmdWRjlCeTRZME94NkNlT2FLYXhpWWNCdlp0UU80S3ZpVDdSVWFuWGdJckJKajlZQWl1UlJZV1RpRzN2Q3hkQk5WdFJRTlZMX3luUURraVdYc1FYNEpBX2I2RE5FbUJ2V19vLWtSa2NZTlFtVV9Id3EtOGFWTWNDV290anVLdXc4MTJfOE1maVEwWUx5SkZTMUV4NHR5ZVNWV2V3c1U?oc=5\" target=\"_blank\" rel=\"nofollow noopener\">Belo responde se ainda mant\u00e9m relacionamento com Rayane Figliuzzi<\/a>&nbsp;&nbsp;O Antagonista<\/li>\n<\/ol>\n","protected":false},"excerpt":{"rendered":"Belo em A Fazenda? Relembre as vezes que o nome do cantor esteve na boca da pe\u00e3ozada&nbsp;&nbsp;R7 Belo&hellip;\n","protected":false},"author":2,"featured_media":120830,"comment_status":"","ping_status":"","sticky":false,"template":"","format":"standard","meta":{"footnotes":""},"categories":[145],"tags":[657,4385,211,210,114,115,32,33,15359],"class_list":{"0":"post-120829","1":"post","2":"type-post","3":"status-publish","4":"format-standard","5":"has-post-thumbnail","7":"category-celebridades","8":"tag-a-fazenda","9":"tag-belo","10":"tag-celebridades","11":"tag-celebrities","12":"tag-entertainment","13":"tag-entretenimento","14":"tag-portugal","15":"tag-pt","16":"tag-rayane-figliuzzi"},"share_on_mastodon":{"url":"https:\/\/pubeurope.com\/@pt\/115413858804760069","error":""},"_links":{"self":[{"href":"https:\/\/www.europesays.com\/pt\/wp-json\/wp\/v2\/posts\/120829","targetHints":{"allow":["GET"]}}],"collection":[{"href":"https:\/\/www.europesays.com\/pt\/wp-json\/wp\/v2\/posts"}],"about":[{"href":"https:\/\/www.europesays.com\/pt\/wp-json\/wp\/v2\/types\/post"}],"author":[{"embeddable":true,"href":"https:\/\/www.europesays.com\/pt\/wp-json\/wp\/v2\/users\/2"}],"replies":[{"embeddable":true,"href":"https:\/\/www.europesays.com\/pt\/wp-json\/wp\/v2\/comments?post=120829"}],"version-history":[{"count":0,"href":"https:\/\/www.europesays.com\/pt\/wp-json\/wp\/v2\/posts\/120829\/revisions"}],"wp:featuredmedia":[{"embeddable":true,"href":"https:\/\/www.europesays.com\/pt\/wp-json\/wp\/v2\/media\/120830"}],"wp:attachment":[{"href":"https:\/\/www.europesays.com\/pt\/wp-json\/wp\/v2\/media?parent=120829"}],"wp:term":[{"taxonomy":"category","embeddable":true,"href":"https:\/\/www.europesays.com\/pt\/wp-json\/wp\/v2\/categories?post=120829"},{"taxonomy":"post_tag","embeddable":true,"href":"https:\/\/www.europesays.com\/pt\/wp-json\/wp\/v2\/tags?post=120829"}],"curies":[{"name":"wp","href":"https:\/\/api.w.org\/{rel}","templated":true}]}}