{"id":120831,"date":"2025-10-21T19:41:16","date_gmt":"2025-10-21T19:41:16","guid":{"rendered":"https:\/\/www.europesays.com\/pt\/120831\/"},"modified":"2025-10-21T19:41:16","modified_gmt":"2025-10-21T19:41:16","slug":"roubo-no-louvre-passo-a-passo-como-ladroes-realizaram-roubo-de-joias-mais-chocante-da-franca","status":"publish","type":"post","link":"https:\/\/www.europesays.com\/pt\/120831\/","title":{"rendered":"Roubo no Louvre: passo a passo, como ladr\u00f5es realizaram roubo de joias mais chocante da Fran\u00e7a"},"content":{"rendered":"<p><img fetchpriority=\"high\" decoding=\"async\" src=\"https:\/\/www.europesays.com\/pt\/wp-content\/uploads\/2025\/10\/ffa738a0-ae93-11f0-91f4-67b578c53508.jpg.webp.webp\"   alt=\"Galeria de Apolo, no Louvre\" loading=\"eager\" width=\"1024\" height=\"576\" style=\"aspect-ratio:1024 \/ 576\" class=\"bbc-139onq\"\/><\/p>\n<p class=\"bbc-by8ykd\" role=\"text\">Cr\u00e9dito, Getty Images<\/p>\n<p>Legenda da foto, A Galeria de Apolo, no Louvre, abriga algumas das joias da coroa francesa<\/p>\n<p>H\u00e1 3 horas<\/p>\n<p>Como eles entraram no museu?<\/p>\n<p dir=\"ltr\" class=\"bbc-hhl7in e17g058b0\">O ataque espetacular de domingo ocorreu na Galeria de Apolo, na parte sudeste do <a href=\"https:\/\/www.bbc.com\/portuguese\/brasil-45402234\" class=\"focusIndicatorReducedWidth bbc-n8oauk e1p3sufg0\" rel=\"nofollow noopener\" target=\"_blank\">museu mais visitado do mundo<\/a>, que fica em um grande pal\u00e1cio \u00e0s margens do rio Sena.<\/p>\n<p dir=\"ltr\" class=\"bbc-hhl7in e17g058b0\">Por volta das 9h da manh\u00e3, os visitantes come\u00e7avam a entrar pela entrada principal \u2014 marcada por sua ic\u00f4nica pir\u00e2mide de vidro \u2014 para ver atra\u00e7\u00f5es como a famosa <a href=\"https:\/\/www.bbc.com\/portuguese\/articles\/cyx5v0ey953o\" class=\"focusIndicatorReducedWidth bbc-n8oauk e1p3sufg0\" rel=\"nofollow noopener\" target=\"_blank\">Mona Lisa de Leonardo Da Vinci<\/a>.<\/p>\n<p dir=\"ltr\" class=\"bbc-hhl7in e17g058b0\">Mas a cerca de 180m da entrada principal do museu, um caminh\u00e3o com uma escada mec\u00e2nica parou na cal\u00e7ada em frente ao rio. Foi o come\u00e7o de um assalto que chocou o mundo.<\/p>\n<p><img decoding=\"async\" src=\"https:\/\/www.europesays.com\/pt\/wp-content\/uploads\/2025\/10\/2b74e130-ae67-11f0-aa13-0b0479f6f42a.jpg.webp.webp\"   alt=\"Escada mec\u00e2nica\" loading=\"lazy\" width=\"3744\" height=\"2496\" style=\"aspect-ratio:3744 \/ 2496\" class=\"bbc-139onq\"\/><\/p>\n<p class=\"bbc-by8ykd\" role=\"text\">Cr\u00e9dito, EPA<\/p>\n<p>Legenda da foto, Escada mec\u00e2nica foi usada por criminosos para entrar na Galeria de Apolo, no Louvre<\/p>\n<p dir=\"ltr\" class=\"bbc-hhl7in e17g058b0\">A quadrilha era formada por quatro homens.<\/p>\n<p dir=\"ltr\" class=\"bbc-hhl7in e17g058b0\">\u00c0s 9h30, dois deles come\u00e7aram a subir a escada, alcan\u00e7ando uma sacada que dava para uma janela dupla.<\/p>\n<p dir=\"ltr\" class=\"bbc-hhl7in e17g058b0\">Os vidros e pain\u00e9is de madeira foram abertos com esmerilhadeiras. As autoridades francesas confirmaram que as janelas da opulenta galeria n\u00e3o s\u00e3o blindadas.<\/p>\n<p><img decoding=\"async\" src=\"https:\/\/www.europesays.com\/pt\/wp-content\/uploads\/2025\/10\/ab995770-ae52-11f0-ba75-093eca1ac29b.png.webp.webp\"   alt=\"Mapa do museu do Louvre\" loading=\"lazy\" width=\"1600\" height=\"1148\" style=\"aspect-ratio:1600 \/ 1148\" class=\"bbc-139onq\"\/><\/p>\n<p dir=\"ltr\" class=\"bbc-hhl7in e17g058b0\">\u00c0s 9h34, os ladr\u00f5es estavam dentro do museu. Os invasores mascarados avan\u00e7aram com suas ferramentas el\u00e9tricas para cima dos guardas desarmados \u2014 que fugiram.<\/p>\n<p dir=\"ltr\" class=\"bbc-hhl7in e17g058b0\">Eles entraram na Galeria de Apolo, um sal\u00e3o luxuoso em cores douradas que abriga as joias da coroa francesa h\u00e1 mais de um s\u00e9culo, assim como pinturas do s\u00e9culo 19.<\/p>\n<p dir=\"ltr\" class=\"bbc-hhl7in e17g058b0\">A cole\u00e7\u00e3o de itens usados \u200b\u200bpela realeza francesa e pelos governantes imperiais fica em cabines de metal.<\/p>\n<p><img decoding=\"async\" src=\"https:\/\/www.europesays.com\/pt\/wp-content\/uploads\/2025\/10\/09dde020-ae5e-11f0-aa13-0b0479f6f42a.png.webp.webp\"   alt=\"Galeria de Apolo, no Louvre\" loading=\"lazy\" width=\"1644\" height=\"869\" style=\"aspect-ratio:1644 \/ 869\" class=\"bbc-139onq\"\/><\/p>\n<p class=\"bbc-by8ykd\" role=\"text\">Cr\u00e9dito, Reprodu\u00e7\u00e3o<\/p>\n<p>Legenda da foto, Galeria de Apolo abrigava joias h\u00e1 mais de um s\u00e9culo. A janela ao fundo foi usada como entrada pelos criminosos. As joias foram roubadas da cabine no lado direito da foto<\/p>\n<p dir=\"ltr\" class=\"bbc-hhl7in e17g058b0\">O pr\u00f3ximo obst\u00e1culo da quadrilha eram alguns cent\u00edmetros de vidro que guardavam as joias de valor incalcul\u00e1vel.<\/p>\n<p dir=\"ltr\" class=\"bbc-hhl7in e17g058b0\">Imagens obtidas pela emissora francesa BFMTV mostram um dos homens, vestindo um colete de alta visibilidade, usando uma esmerilhadeira para for\u00e7ar a abertura de uma das cabines.<\/p>\n<p><img decoding=\"async\" src=\"https:\/\/www.europesays.com\/pt\/wp-content\/uploads\/2025\/10\/a30bbe20-ae5e-11f0-b2a1-6f537f66f9aa.jpg.webp.webp\"   alt=\"V\u00eddeo de celular mostra homem arrombando cabine no Louvre\" loading=\"lazy\" width=\"1000\" height=\"563\" style=\"aspect-ratio:1000 \/ 563\" class=\"bbc-139onq\"\/><\/p>\n<p class=\"bbc-by8ykd\" role=\"text\">Cr\u00e9dito, BFMTV<\/p>\n<p>Legenda da foto, Imagens obtidas pela emissora francesa BFMTV mostram um dos homens abrindo uma das cabines com joias<\/p>\n<p dir=\"ltr\" class=\"bbc-hhl7in e17g058b0\">O BBC Verify, servi\u00e7o de checagem de fatos da BBC, confirmou que a filmagem foi feita na parte sudoeste da galeria.<\/p>\n<p dir=\"ltr\" class=\"bbc-hhl7in e17g058b0\">Imagens de c\u00e2meras de seguran\u00e7a de dentro do museu confirmam que eles levaram 3 minutos e 57 segundos para abrir duas cabines, pegar as joias e sair, segundo um ministro franc\u00eas.<\/p>\n<p dir=\"ltr\" class=\"bbc-hhl7in e17g058b0\">Os ladr\u00f5es foram r\u00e1pidos: eles sabiam exatamente o que estavam fazendo.<\/p>\n<p dir=\"ltr\" class=\"bbc-hhl7in e17g058b0\">As joias da coroa francesa que estavam expostas no Louvre foram salvas ou recuperadas ap\u00f3s a Revolu\u00e7\u00e3o de 1789. <\/p>\n<p dir=\"ltr\" class=\"bbc-hhl7in e17g058b0\">A maior parte do que estava nas vitrines datava do s\u00e9culo 19. Eram joias que foram usadas pelas duas fam\u00edlias imperiais de Napole\u00e3o e seu sobrinho Napole\u00e3o 3\u00ba.<\/p>\n<p><img decoding=\"async\" src=\"https:\/\/www.europesays.com\/pt\/wp-content\/uploads\/2025\/10\/8e687760-ae90-11f0-b2a1-6f537f66f9aa.jpg.webp.webp\"   alt=\"Imagem do museu\" loading=\"lazy\" width=\"1280\" height=\"1026\" style=\"aspect-ratio:1280 \/ 1026\" class=\"bbc-139onq\"\/><\/p>\n<p>As joias roubadas<\/p>\n<p dir=\"ltr\" class=\"bbc-hhl7in e17g058b0\">No total, oito itens foram levados. Autoridades francesas descreveram o roubo como &#8220;inestim\u00e1vel&#8221;.<\/p>\n<p dir=\"ltr\" class=\"bbc-hhl7in e17g058b0\">Al\u00e9m do valor monet\u00e1rio das pedras e metais preciosos, as joias t\u00eam um valor patrimonial &#8220;imensur\u00e1vel&#8221;, nas palavras de um ministro do governo franc\u00eas.<\/p>\n<p><img decoding=\"async\" src=\"https:\/\/www.europesays.com\/pt\/wp-content\/uploads\/2025\/10\/6d178a60-ae63-11f0-ba75-093eca1ac29b.png.webp.webp\"   alt=\"Joias roubadas do Louvre\" loading=\"lazy\" width=\"928\" height=\"1080\" style=\"aspect-ratio:928 \/ 1080\" class=\"bbc-139onq\"\/><\/p>\n<p class=\"bbc-by8ykd\" role=\"text\">Cr\u00e9dito, Louvre via Reuters<\/p>\n<p>Legenda da foto, Foram roubados (no sentido hor\u00e1rio): uma tiara, um par de brincos e um colar usados \u200b\u200bpela rainha Hortense e pela rainha Marie-Am\u00e9lie<img decoding=\"async\" src=\"https:\/\/www.europesays.com\/pt\/wp-content\/uploads\/2025\/10\/6aab01c0-ae64-11f0-aa13-0b0479f6f42a.png.webp.webp\"   alt=\"Joias roubadas do Louvre\" loading=\"lazy\" width=\"860\" height=\"1014\" style=\"aspect-ratio:860 \/ 1014\" class=\"bbc-139onq\"\/><\/p>\n<p class=\"bbc-by8ykd\" role=\"text\">Cr\u00e9dito, Louvre via Reuters<\/p>\n<p>Legenda da foto, Tamb\u00e9m foram roubados (no sentido hor\u00e1rio): um colar e brincos de esmeralda dados como presente de casamento por Napole\u00e3o Bonaparte \u00e0 sua segunda esposa, Maria Lu\u00edsa; um broche conhecido como &#8220;broche relic\u00e1rio&#8221;; e uma tiara de p\u00e9rolas e diamantes e broche de diamantes da Imperatriz Eug\u00e9nie.<\/p>\n<p dir=\"ltr\" class=\"bbc-hhl7in e17g058b0\">Mas nem tudo saiu como planejado pelos criminosos.<\/p>\n<p dir=\"ltr\" class=\"bbc-hhl7in e17g058b0\">A pol\u00edcia confirmou que a coroa Eug\u00e9nie foi encontrada danificada na rota de fuga, aparentemente ca\u00edda no ch\u00e3o.<\/p>\n<p><img decoding=\"async\" src=\"https:\/\/www.europesays.com\/pt\/wp-content\/uploads\/2025\/10\/54222860-ae65-11f0-aa13-0b0479f6f42a.jpg.webp.webp\"   alt=\"Coroa Eug\u00e9nie\" loading=\"lazy\" width=\"4950\" height=\"2764\" style=\"aspect-ratio:4950 \/ 2764\" class=\"bbc-139onq\"\/><\/p>\n<p class=\"bbc-by8ykd\" role=\"text\">Cr\u00e9dito, Louvre via Reuters<\/p>\n<p>Legenda da foto, Coroa Eug\u00e9nie aparentemente caiu durante a fuga dos criminosos<\/p>\n<p dir=\"ltr\" class=\"bbc-hhl7in e17g058b0\">Promotores franceses tamb\u00e9m revelaram que os dois ladr\u00f5es deixaram para tr\u00e1s alguns equipamentos, incluindo um dos coletes de alta visibilidade, que ser\u00e3o analisado pela pol\u00edcia.<\/p>\n<p dir=\"ltr\" class=\"bbc-hhl7in e17g058b0\">Por volta das 9h35, a not\u00edcia de que algo estava acontecendo na Galeria de Apolo se espalhava entre os funcion\u00e1rios do museu. Um alarme soou em uma sala de controle, mas n\u00e3o est\u00e1 claro se ele foi ouvido pelas pessoas dentro do museu. A pol\u00edcia ainda est\u00e1 investigando se o alarme estava funcionando.<\/p>\n<p dir=\"ltr\" class=\"bbc-hhl7in e17g058b0\">Uma testemunha disse \u00e0 BBC que viu guardas afastando pessoas da Galeria de Apolo, enquanto outros corriam em dire\u00e7\u00e3o ao local.<\/p>\n<p dir=\"ltr\" class=\"bbc-hhl7in e17g058b0\">Ele disse que os visitantes foram inicialmente conduzidos para outra parte do museu, mas o &#8220;clima mudou&#8221; de repente quando os guardas receberam outra mensagem em seus r\u00e1dios.<\/p>\n<p><img decoding=\"async\" src=\"https:\/\/www.europesays.com\/pt\/wp-content\/uploads\/2025\/10\/6ee45e50-ae67-11f0-aa13-0b0479f6f42a.jpg.webp.webp\"   alt=\"Janela quebrada do Louvre\" loading=\"lazy\" width=\"3173\" height=\"2115\" style=\"aspect-ratio:3173 \/ 2115\" class=\"bbc-139onq\"\/><\/p>\n<p class=\"bbc-by8ykd\" role=\"text\">Cr\u00e9dito, EPA<\/p>\n<p>Legenda da foto, Criminosos entraram por uma janela no Louvre<\/p>\n<p dir=\"ltr\" class=\"bbc-hhl7in e17g058b0\">Antes de sair, por volta das 9h38, os ladr\u00f5es tentaram atear fogo nas escadas mec\u00e2nicas que usaram para acessar o museu.<\/p>\n<p dir=\"ltr\" class=\"bbc-hhl7in e17g058b0\">Em seguida, segundo relatos, eles pegaram suas motos Yamaha TMAX \u2014 capazes de atingir velocidades superiores a 160 km\/h \u2014 e escaparam pelas ruas estreitas de Paris.<\/p>\n<p><img decoding=\"async\" src=\"https:\/\/www.europesays.com\/pt\/wp-content\/uploads\/2025\/10\/72d0de20-ae90-11f0-b2a1-6f537f66f9aa.jpg.webp.webp\"   alt=\"Imagem mostra rota de fuga por via ao lado do museu\" loading=\"lazy\" width=\"1266\" height=\"1208\" style=\"aspect-ratio:1266 \/ 1208\" class=\"bbc-139onq\"\/><\/p>\n<p dir=\"ltr\" class=\"bbc-hhl7in e17g058b0\">Os investigadores acreditam que eles seguiram para o sul, na dire\u00e7\u00e3o da rodovia A6, a principal via de sa\u00edda da cidade.<\/p>\n<p dir=\"ltr\" class=\"bbc-hhl7in e17g058b0\">Por enquanto, o local para onde fugiram permanece um mist\u00e9rio \u2014 e qualquer informa\u00e7\u00e3o sobre seu paradeiro \u00e9 t\u00e3o preciosa para a pol\u00edcia francesa quanto as joias que eles levaram.<\/p>\n","protected":false},"excerpt":{"rendered":"Cr\u00e9dito, Getty Images Legenda da foto, A Galeria de Apolo, no Louvre, abriga algumas das joias da coroa&hellip;\n","protected":false},"author":2,"featured_media":120832,"comment_status":"","ping_status":"","sticky":false,"template":"","format":"standard","meta":{"footnotes":""},"categories":[144],"tags":[207,205,206,203,201,202,204,114,115,32,33],"class_list":{"0":"post-120831","1":"post","2":"type-post","3":"status-publish","4":"format-standard","5":"has-post-thumbnail","7":"category-arte-e-design","8":"tag-arte","9":"tag-arte-e-design","10":"tag-artedesign","11":"tag-arts","12":"tag-arts-and-design","13":"tag-artsanddesign","14":"tag-design","15":"tag-entertainment","16":"tag-entretenimento","17":"tag-portugal","18":"tag-pt"},"share_on_mastodon":{"url":"https:\/\/pubeurope.com\/@pt\/115413862735118247","error":""},"_links":{"self":[{"href":"https:\/\/www.europesays.com\/pt\/wp-json\/wp\/v2\/posts\/120831","targetHints":{"allow":["GET"]}}],"collection":[{"href":"https:\/\/www.europesays.com\/pt\/wp-json\/wp\/v2\/posts"}],"about":[{"href":"https:\/\/www.europesays.com\/pt\/wp-json\/wp\/v2\/types\/post"}],"author":[{"embeddable":true,"href":"https:\/\/www.europesays.com\/pt\/wp-json\/wp\/v2\/users\/2"}],"replies":[{"embeddable":true,"href":"https:\/\/www.europesays.com\/pt\/wp-json\/wp\/v2\/comments?post=120831"}],"version-history":[{"count":0,"href":"https:\/\/www.europesays.com\/pt\/wp-json\/wp\/v2\/posts\/120831\/revisions"}],"wp:featuredmedia":[{"embeddable":true,"href":"https:\/\/www.europesays.com\/pt\/wp-json\/wp\/v2\/media\/120832"}],"wp:attachment":[{"href":"https:\/\/www.europesays.com\/pt\/wp-json\/wp\/v2\/media?parent=120831"}],"wp:term":[{"taxonomy":"category","embeddable":true,"href":"https:\/\/www.europesays.com\/pt\/wp-json\/wp\/v2\/categories?post=120831"},{"taxonomy":"post_tag","embeddable":true,"href":"https:\/\/www.europesays.com\/pt\/wp-json\/wp\/v2\/tags?post=120831"}],"curies":[{"name":"wp","href":"https:\/\/api.w.org\/{rel}","templated":true}]}}