{"id":120861,"date":"2025-10-21T20:06:08","date_gmt":"2025-10-21T20:06:08","guid":{"rendered":"https:\/\/www.europesays.com\/pt\/120861\/"},"modified":"2025-10-21T20:06:08","modified_gmt":"2025-10-21T20:06:08","slug":"ha-mais-um-pais-europeu-a-adoptar-a-semana-de-quatro-dias-aquele-que-tambem-aprovou-jornadas-de-trabalho-de-13-horas-human-resources","status":"publish","type":"post","link":"https:\/\/www.europesays.com\/pt\/120861\/","title":{"rendered":"H\u00e1 mais um pa\u00eds europeu a adoptar a semana de quatro dias (aquele que tamb\u00e9m aprovou jornadas de trabalho de 13 horas) \u2013 Human Resources"},"content":{"rendered":"\n<p>H\u00e1 mais um pa\u00eds europeu a adoptar a semana de quatro dias (aquele que tamb\u00e9m aprovou jornadas de trabalho de 13 horas) \u2013 Human Resources<\/p>\n<ul class=\"bf-breadcrumb-items\" itemscope=\"\" itemtype=\"http:\/\/schema.org\/BreadcrumbList\">\n<li itemprop=\"itemListElement\" itemscope=\"\" itemtype=\"http:\/\/schema.org\/ListItem\" class=\"bf-breadcrumb-item bf-breadcrumb-begin\"><a itemprop=\"item\" href=\"https:\/\/hrportugal.sapo.pt\" rel=\"home nofollow noopener\" target=\"_blank\">Home<\/a><\/li>\n<li itemprop=\"itemListElement\" itemscope=\"\" itemtype=\"http:\/\/schema.org\/ListItem\" class=\"bf-breadcrumb-item\"><a itemprop=\"item\" href=\"https:\/\/hrportugal.sapo.pt\/categoria\/linkedin\/\" rel=\"nofollow noopener\" target=\"_blank\">Linkedin<\/a><\/li>\n<li itemprop=\"itemListElement\" itemscope=\"\" itemtype=\"http:\/\/schema.org\/ListItem\" class=\"bf-breadcrumb-item bf-breadcrumb-end\">H\u00e1 mais um pa\u00eds europeu a adoptar a semana de quatro dias (aquele que tamb\u00e9m aprovou jornadas de trabalho de 13 horas)<\/li>\n<\/ul>\n","protected":false},"excerpt":{"rendered":"H\u00e1 mais um pa\u00eds europeu a adoptar a semana de quatro dias (aquele que tamb\u00e9m aprovou jornadas de&hellip;\n","protected":false},"author":2,"featured_media":120862,"comment_status":"","ping_status":"","sticky":false,"template":"","format":"standard","meta":{"footnotes":""},"categories":[50],"tags":[27,28,15,16,4234,14,82,25,26,21,22,62,12,13,19,20,23,24,28005,28006,17,18,29,30,31,63,64,65],"class_list":{"0":"post-120861","1":"post","2":"type-post","3":"status-publish","4":"format-standard","5":"has-post-thumbnail","7":"category-mundo","8":"tag-breaking-news","9":"tag-breakingnews","10":"tag-featured-news","11":"tag-featurednews","12":"tag-grecia","13":"tag-headlines","14":"tag-internacional","15":"tag-latest-news","16":"tag-latestnews","17":"tag-main-news","18":"tag-mainnews","19":"tag-mundo","20":"tag-news","21":"tag-noticias","22":"tag-noticias-principais","23":"tag-noticiasprincipais","24":"tag-principais-noticias","25":"tag-principaisnoticias","26":"tag-semana-de-quatro-dias","27":"tag-sic-noticias","28":"tag-top-stories","29":"tag-topstories","30":"tag-ultimas","31":"tag-ultimas-noticias","32":"tag-ultimasnoticias","33":"tag-world","34":"tag-world-news","35":"tag-worldnews"},"share_on_mastodon":{"url":"","error":"Validation failed: Text character limit of 500 exceeded"},"_links":{"self":[{"href":"https:\/\/www.europesays.com\/pt\/wp-json\/wp\/v2\/posts\/120861","targetHints":{"allow":["GET"]}}],"collection":[{"href":"https:\/\/www.europesays.com\/pt\/wp-json\/wp\/v2\/posts"}],"about":[{"href":"https:\/\/www.europesays.com\/pt\/wp-json\/wp\/v2\/types\/post"}],"author":[{"embeddable":true,"href":"https:\/\/www.europesays.com\/pt\/wp-json\/wp\/v2\/users\/2"}],"replies":[{"embeddable":true,"href":"https:\/\/www.europesays.com\/pt\/wp-json\/wp\/v2\/comments?post=120861"}],"version-history":[{"count":0,"href":"https:\/\/www.europesays.com\/pt\/wp-json\/wp\/v2\/posts\/120861\/revisions"}],"wp:featuredmedia":[{"embeddable":true,"href":"https:\/\/www.europesays.com\/pt\/wp-json\/wp\/v2\/media\/120862"}],"wp:attachment":[{"href":"https:\/\/www.europesays.com\/pt\/wp-json\/wp\/v2\/media?parent=120861"}],"wp:term":[{"taxonomy":"category","embeddable":true,"href":"https:\/\/www.europesays.com\/pt\/wp-json\/wp\/v2\/categories?post=120861"},{"taxonomy":"post_tag","embeddable":true,"href":"https:\/\/www.europesays.com\/pt\/wp-json\/wp\/v2\/tags?post=120861"}],"curies":[{"name":"wp","href":"https:\/\/api.w.org\/{rel}","templated":true}]}}