{"id":120867,"date":"2025-10-21T20:11:14","date_gmt":"2025-10-21T20:11:14","guid":{"rendered":"https:\/\/www.europesays.com\/pt\/120867\/"},"modified":"2025-10-21T20:11:14","modified_gmt":"2025-10-21T20:11:14","slug":"uma-segunda-chance-nova-adaptacao-do-livro-de-colleen-hoover-ganha-primeiras-imagens-confira","status":"publish","type":"post","link":"https:\/\/www.europesays.com\/pt\/120867\/","title":{"rendered":"\u2018Uma Segunda Chance\u2019, nova adapta\u00e7\u00e3o do livro de Colleen Hoover, ganha primeiras imagens; confira"},"content":{"rendered":"<p>Nesta segunda-feira (20), a revista People divulgou com exclusividade as primeiras imagens e o primeiro p\u00f4ster de \u201cUma Segunda Chance\u201d (\u2018Reminders of Him\u2019, no original), aguardada adapta\u00e7\u00e3o do best-seller hom\u00f4nimo da autora Colleen Hoover. Confira abaixo:<\/p>\n<p><img loading=\"lazy\" decoding=\"async\" src=\"https:\/\/www.europesays.com\/pt\/wp-content\/uploads\/2025\/10\/8200c9f0-5235-49bb-b1ee-96c49b4f93cf.jpg\" alt=\"\" width=\"550\" height=\"300\"\/><\/p>\n<p><img loading=\"lazy\" decoding=\"async\" src=\"https:\/\/www.europesays.com\/pt\/wp-content\/uploads\/2025\/10\/93222f25-6dc2-4de5-9c5e-bfb994ab09aa.jpg\" alt=\"\" width=\"550\" height=\"300\"\/><\/p>\n<p><img loading=\"lazy\" decoding=\"async\" src=\"https:\/\/www.europesays.com\/pt\/wp-content\/uploads\/2025\/10\/ca4b337c-f65e-4273-b23e-603e4b10c6c2.jpg\" alt=\"\" width=\"550\" height=\"300\"\/><\/p>\n<p><img loading=\"lazy\" decoding=\"async\" src=\"https:\/\/www.europesays.com\/pt\/wp-content\/uploads\/2025\/10\/d219ea85-7ba5-420c-82d4-5f2a71a3e9f2.jpg\" alt=\"\" width=\"684\" height=\"1000\"\/><\/p>\n<p>O longa acompanha Kenna (Maika Monroe), uma jovem que \u00e9 presa ap\u00f3s um tr\u00e1gico acidente causar a morte do seu namorado, Scotty (Rudy Pankow). Sete anos depois, ela ganha sua liberdade e retorna \u00e0 sua cidade natal, determinada a reconstruir sua vida e se reunir com sua filha, Diem, que nunca conheceu.<\/p>\n<p>Contudo, os av\u00f3s da menina \u2013 vividos por Lauren Graham (\u2018Gilmore Girls\u2019) e Bradley Whitford (\u2018Corra!\u2019) \u2013, se recusam a permitir qualquer contato entre as duas. Nesse processo, Kenna encontra apoio e um inesperado romance proibido com Ledger (Tyriq Withers), ex-jogador de futebol americano e dono de um bar local.<\/p>\n<p><a href=\"https:\/\/whatsapp.com\/channel\/0029Va58whvFCCoURznPIG0n\" target=\"_blank\" rel=\"noopener nofollow\">Fa\u00e7a parte do canal do Whatsapp da Ingresso.com e fique por dentro de promo\u00e7\u00f5es e das \u00faltimas not\u00edcias sobre o universo do cinema e da cultura pop!<\/a><\/p>\n<p>Autora e corroteirista da produ\u00e7\u00e3o, Hoover revelou que esta era a adapta\u00e7\u00e3o ideal para inaugurar a produtora Heartbones, fundada em parceria com Lauren Levine, que tamb\u00e9m assina o roteiro:<\/p>\n<p>\u201cEu amo hist\u00f3rias de reden\u00e7\u00e3o e segundas chances, ent\u00e3o quando Lauren [Levine] e eu tivemos que escolher qual livro meu quer\u00edamos adaptar, \u2018Uma Segunda Chance\u2019 foi a primeira op\u00e7\u00e3o para n\u00f3s duas. Fazer parte dessa jornada das p\u00e1ginas para \u00e0s telonas fez tornar tudo ainda mais significativo. Eu n\u00e3o estava apenas vendo algu\u00e9m interpretar a hist\u00f3ria, mas pude ajudar como seria adaptar para esse novo formato com um grande time de mulheres\u201d.<\/p>\n<p>J\u00e1 para Maika Monroe e Tyriq Withers, estrelas do longa, o projeto representou uma oportunidade de explorar novos caminhos fora do g\u00eanero do horror &#8211; \u00e1rea em que ambos s\u00e3o mais conhecidos. Monroe estrelou t\u00edtulos como \u201cLonglegs &#8211; V\u00ednculo Mortal\u201d (2024) e \u201cCorrente do Mal\u201d (2014), enquanto Withers participou recentemente de \u201cEu Sei o Que Voc\u00ea Fizeram no Ver\u00e3o Passado\u201d (2025) e \u201cGOAT\u201d (2025).<\/p>\n<p>Para a atriz, o filme a ajudou a experimentar novos caminhos em sua atua\u00e7\u00e3o:<\/p>\n<p>\u201cEu realmente queria tentar algo totalmente diferente. Eu estou no espa\u00e7o do horror h\u00e1 tanto tempo, e isso pareceu uma volta de 180\u00ba graus. Eu quero continuar me impulsionando e saindo da minha zona de conforto\u201d.<\/p>\n<p>J\u00e1 Withers admitiu que se sentiu um pouco intimidado pela mudan\u00e7a de g\u00eanero:<\/p>\n<p>\u201cEu j\u00e1 fiz muitos filmes de terror, mas esse foi o mais assustador de fazer, porque voc\u00ea est\u00e1 vivendo aquela vulnerabilidade, honestidade, uma parte crua da vida real, com romance, amor, luto, perd\u00e3o e empatia. Foi definitivamente uma mudan\u00e7a no ritmo. Eu tive que procurar dentro da minha alma e acessar certos sentimentos. Foi uma experi\u00eancia muito satisfat\u00f3ria e cat\u00e1rtica contar essa hist\u00f3ria\u201d.<\/p>\n<p>Com dire\u00e7\u00e3o de Vanessa Caswill (\u2018Amor \u00e0 Primeira Vista\u2019), \u201cUma Segunda Chance\u201d chega \u00e0s telonas norte-americanas em 13 de mar\u00e7o de 2025. At\u00e9 o momento, uma data de estreia no Brasil ainda n\u00e3o foi revelada.<\/p>\n<p class=\"youtube-media-post\">\n<p>Enquanto a nova adapta\u00e7\u00e3o da autora n\u00e3o chega \u00e0s telonas, &#8220;<a href=\"https:\/\/www.ingresso.com\/filme\/se-nao-fosse-voce\" target=\"_blank\" rel=\"noopener nofollow\">Se N\u00e3o Fosse Voc\u00ea<\/a>&#8220;, segundo projeto de um dos romances de Hoover, chega aos cinemas na pr\u00f3xima quinta-feira (25).<\/p>\n<p>Na trama, Alisson Williams interpreta Morgan, uma mulher que engravidou jovem e precisou adiar seus pr\u00f3prios sonhos para criar a filha, Clara (McKenna Grace), mas que v\u00ea sua rela\u00e7\u00e3o com ela estremecer ap\u00f3s a morte do pai da menina. A narrativa se desenrola por meio de flashbacks, explorando o passado e os impactos emocionais que reverberam na gera\u00e7\u00e3o seguinte.<\/p>\n<p>O elenco ainda conta com a presen\u00e7a de diversos outros talentos, como Dave Franco, Mason Thames, Willa Fitzgerald, Scott Eastwood, Sam Morelos, Clancy Brown e Ethan Samuel Costanilla.<\/p>\n<p>A dire\u00e7\u00e3o do longa fica por conta de Josh Boone, respons\u00e1vel pelo sucesso \u201cA Culpa \u00e9 das Estrelas\u201d (2014), com roteiro assinado por Susan McMartin (\u2018After\u2019) \u2013 <a href=\"https:\/\/www.ingresso.com\/filme\/se-nao-fosse-voce\" target=\"_blank\" rel=\"noopener nofollow\">garanta seus ingressos antecipados<\/a> atrav\u00e9s do nosso site ou app.<\/p>\n<p><a href=\"https:\/\/assine.uol.com.br\/lp\/clube-uol?utm_source=ingresso.com&amp;utm_medium=banner-noticias&amp;utm_campaign=banner-noticias-ingresso.com&amp;utm_content=banner-noticias-ingresso.com\" target=\"_blank\" rel=\"noopener nofollow\"><img loading=\"lazy\" decoding=\"async\" src=\"https:\/\/www.europesays.com\/pt\/wp-content\/uploads\/2025\/10\/0a0207f6-3540-44d3-9580-876fce3bb4b7.png\" alt=\"\" width=\"550\" height=\"289\"\/><\/a><\/p>\n","protected":false},"excerpt":{"rendered":"Nesta segunda-feira (20), a revista People divulgou com exclusividade as primeiras imagens e o primeiro p\u00f4ster de \u201cUma&hellip;\n","protected":false},"author":2,"featured_media":120868,"comment_status":"","ping_status":"","sticky":false,"template":"","format":"standard","meta":{"footnotes":""},"categories":[143],"tags":[169,114,115,170,32,33],"class_list":{"0":"post-120867","1":"post","2":"type-post","3":"status-publish","4":"format-standard","5":"has-post-thumbnail","7":"category-livros","8":"tag-books","9":"tag-entertainment","10":"tag-entretenimento","11":"tag-livros","12":"tag-portugal","13":"tag-pt"},"share_on_mastodon":{"url":"https:\/\/pubeurope.com\/@pt\/115413981097184838","error":""},"_links":{"self":[{"href":"https:\/\/www.europesays.com\/pt\/wp-json\/wp\/v2\/posts\/120867","targetHints":{"allow":["GET"]}}],"collection":[{"href":"https:\/\/www.europesays.com\/pt\/wp-json\/wp\/v2\/posts"}],"about":[{"href":"https:\/\/www.europesays.com\/pt\/wp-json\/wp\/v2\/types\/post"}],"author":[{"embeddable":true,"href":"https:\/\/www.europesays.com\/pt\/wp-json\/wp\/v2\/users\/2"}],"replies":[{"embeddable":true,"href":"https:\/\/www.europesays.com\/pt\/wp-json\/wp\/v2\/comments?post=120867"}],"version-history":[{"count":0,"href":"https:\/\/www.europesays.com\/pt\/wp-json\/wp\/v2\/posts\/120867\/revisions"}],"wp:featuredmedia":[{"embeddable":true,"href":"https:\/\/www.europesays.com\/pt\/wp-json\/wp\/v2\/media\/120868"}],"wp:attachment":[{"href":"https:\/\/www.europesays.com\/pt\/wp-json\/wp\/v2\/media?parent=120867"}],"wp:term":[{"taxonomy":"category","embeddable":true,"href":"https:\/\/www.europesays.com\/pt\/wp-json\/wp\/v2\/categories?post=120867"},{"taxonomy":"post_tag","embeddable":true,"href":"https:\/\/www.europesays.com\/pt\/wp-json\/wp\/v2\/tags?post=120867"}],"curies":[{"name":"wp","href":"https:\/\/api.w.org\/{rel}","templated":true}]}}